{"id":15230,"date":"2025-03-29T15:57:41","date_gmt":"2025-03-29T14:57:41","guid":{"rendered":"https:\/\/wgphoto.pl\/t\/?p=15230"},"modified":"2026-01-03T13:58:43","modified_gmt":"2026-01-03T12:58:43","slug":"wiatrak-na-placu-budowy","status":"publish","type":"post","link":"https:\/\/wgphoto.pl\/t\/?p=15230","title":{"rendered":"Wiatrak na placu budowy"},"content":{"rendered":"\n<figure class=\"wp-block-image aligncenter size-full\"><img loading=\"lazy\" decoding=\"async\" width=\"700\" height=\"1057\" src=\"https:\/\/wgphoto.pl\/t\/wp-content\/uploads\/2025\/03\/IMGP0933-1.jpg\" alt=\"\" class=\"wp-image-15231\" srcset=\"https:\/\/wgphoto.pl\/t\/wp-content\/uploads\/2025\/03\/IMGP0933-1.jpg 700w, https:\/\/wgphoto.pl\/t\/wp-content\/uploads\/2025\/03\/IMGP0933-1-199x300.jpg 199w\" sizes=\"auto, (max-width: 700px) 100vw, 700px\" \/><\/figure>\n\n\n\n<div class=\"wp-block-group has-global-padding is-layout-constrained wp-block-group-is-layout-constrained\">\n<p>W zasi\u0119gu tramwaj\u00f3w uda\u0142o mi si\u0119 wypatrzy\u0107 tylko jeden wiatrak. W Delft, satelickim mie\u015bcie Hagi, przy jednej z g\u0142\u00f3wnych ulic w centrum miasteczka stoi taki pi\u0119kny zabytek z 1679 roku. Niestety obecnie znajduje si\u0119 tutaj plac budowy, gdy\u017c Holendrzy postanowili sobie schowa\u0107 lini\u0119 kolejow\u0105 pod ziemi\u0119. 2017-05-01<\/p>\n<\/div>\n","protected":false},"excerpt":{"rendered":"<p>W zasi\u0119gu tramwaj\u00f3w uda\u0142o mi si\u0119 wypatrzy\u0107 tylko jeden wiatrak. W Delft, satelickim mie\u015bcie Hagi, przy jednej z g\u0142\u00f3wnych ulic w centrum miasteczka stoi taki pi\u0119kny zabytek z 1679 roku. Niestety obecnie znajduje si\u0119 tutaj plac budowy, gdy\u017c Holendrzy postanowili sobie schowa\u0107 lini\u0119 kolejow\u0105 pod ziemi\u0119. 2017-05-01<\/p>\n","protected":false},"author":1,"featured_media":15231,"comment_status":"open","ping_status":"","sticky":false,"template":"","format":"standard","meta":{"footnotes":""},"categories":[128,368,3],"tags":[373,34,4612,371,370,369,787,561],"class_list":["post-15230","post","type-post","status-publish","format-standard","has-post-thumbnail","hentry","category-pionowe","category-rok-2017","category-tramwaj","tag-2017-05-01","tag-architektura","tag-gtl8","tag-haga","tag-holandia","tag-htm-den-haag","tag-majowka-2017-2","tag-tramwaj-podmiejski"],"_links":{"self":[{"href":"https:\/\/wgphoto.pl\/t\/index.php?rest_route=\/wp\/v2\/posts\/15230","targetHints":{"allow":["GET"]}}],"collection":[{"href":"https:\/\/wgphoto.pl\/t\/index.php?rest_route=\/wp\/v2\/posts"}],"about":[{"href":"https:\/\/wgphoto.pl\/t\/index.php?rest_route=\/wp\/v2\/types\/post"}],"author":[{"embeddable":true,"href":"https:\/\/wgphoto.pl\/t\/index.php?rest_route=\/wp\/v2\/users\/1"}],"replies":[{"embeddable":true,"href":"https:\/\/wgphoto.pl\/t\/index.php?rest_route=%2Fwp%2Fv2%2Fcomments&post=15230"}],"version-history":[{"count":1,"href":"https:\/\/wgphoto.pl\/t\/index.php?rest_route=\/wp\/v2\/posts\/15230\/revisions"}],"predecessor-version":[{"id":15232,"href":"https:\/\/wgphoto.pl\/t\/index.php?rest_route=\/wp\/v2\/posts\/15230\/revisions\/15232"}],"wp:featuredmedia":[{"embeddable":true,"href":"https:\/\/wgphoto.pl\/t\/index.php?rest_route=\/wp\/v2\/media\/15231"}],"wp:attachment":[{"href":"https:\/\/wgphoto.pl\/t\/index.php?rest_route=%2Fwp%2Fv2%2Fmedia&parent=15230"}],"wp:term":[{"taxonomy":"category","embeddable":true,"href":"https:\/\/wgphoto.pl\/t\/index.php?rest_route=%2Fwp%2Fv2%2Fcategories&post=15230"},{"taxonomy":"post_tag","embeddable":true,"href":"https:\/\/wgphoto.pl\/t\/index.php?rest_route=%2Fwp%2Fv2%2Ftags&post=15230"}],"curies":[{"name":"wp","href":"https:\/\/api.w.org\/{rel}","templated":true}]}}