{"id":15233,"date":"2025-03-29T15:58:45","date_gmt":"2025-03-29T14:58:45","guid":{"rendered":"https:\/\/wgphoto.pl\/t\/?p=15233"},"modified":"2025-03-29T15:58:45","modified_gmt":"2025-03-29T14:58:45","slug":"erasmusbrug","status":"publish","type":"post","link":"https:\/\/wgphoto.pl\/t\/?p=15233","title":{"rendered":"Erasmusbrug"},"content":{"rendered":"\n<figure class=\"wp-block-image aligncenter size-full\"><img loading=\"lazy\" decoding=\"async\" width=\"1199\" height=\"820\" src=\"https:\/\/wgphoto.pl\/t\/wp-content\/uploads\/2025\/03\/IMGP1262-2.jpg\" alt=\"\" class=\"wp-image-15236\" srcset=\"https:\/\/wgphoto.pl\/t\/wp-content\/uploads\/2025\/03\/IMGP1262-2.jpg 1199w, https:\/\/wgphoto.pl\/t\/wp-content\/uploads\/2025\/03\/IMGP1262-2-300x205.jpg 300w, https:\/\/wgphoto.pl\/t\/wp-content\/uploads\/2025\/03\/IMGP1262-2-768x525.jpg 768w\" sizes=\"auto, (max-width: 1199px) 100vw, 1199px\" \/><\/figure>\n\n\n\n<div class=\"wp-block-group has-global-padding is-layout-constrained wp-block-group-is-layout-constrained\">\n<p>Citadis w reklamie przeje\u017cd\u017ca na lewy brzeg Nowej Mozy jednym z najbardziej charakterystycznych obiekt\u00f3w Rotterdamu &#8211; mostem Erazma. Przeprawa oddana do u\u017cytku 21 lat temu ma ponad 800 metr\u00f3w d\u0142ugo\u015bci, a pylon jest wysoki na 139 metr\u00f3w. Most posiada r\u00f3wnie\u017c zwodzone prz\u0119s\u0142o o d\u0142ugo\u015bci 89 metr\u00f3w &#8211; najwi\u0119ksze w Europie. Samo foto na pewno lepiej by si\u0119 prezentowa\u0142o w s\u0142oneczku, z bia\u0142ymi chmurkami na b\u0142\u0119kitnym niebie, no ale warunki nie zawsze s\u0105 idealne. I tak dobrze, \u017ce cokolwiek z tego wysz\u0142o, bo deszcz zacinaj\u0105cy prosto w szerokok\u0105tny obiektyw, kt\u00f3ry ci\u0119\u017cko czymkolwiek os\u0142oni\u0107, bardzo chcia\u0142 dorzuci\u0107 od siebie par\u0119 kropel (dorzuci\u0142 jedn\u0105, kt\u00f3rej, mam nadziej\u0119, nie wida\u0107). 2017-05-02<\/p>\n<\/div>\n","protected":false},"excerpt":{"rendered":"<p>Citadis w reklamie przeje\u017cd\u017ca na lewy brzeg Nowej Mozy jednym z najbardziej charakterystycznych obiekt\u00f3w Rotterdamu &#8211; mostem Erazma. Przeprawa oddana do u\u017cytku 21 lat temu ma ponad 800 metr\u00f3w d\u0142ugo\u015bci, a pylon jest wysoki na 139 metr\u00f3w. Most posiada r\u00f3wnie\u017c zwodzone prz\u0119s\u0142o o d\u0142ugo\u015bci 89 metr\u00f3w &#8211; najwi\u0119ksze w Europie. Samo foto na pewno lepiej [&hellip;]<\/p>\n","protected":false},"author":1,"featured_media":15236,"comment_status":"open","ping_status":"","sticky":false,"template":"","format":"standard","meta":{"footnotes":""},"categories":[368,3],"tags":[376,170,370,787,45,374,375],"class_list":["post-15233","post","type-post","status-publish","format-standard","has-post-thumbnail","hentry","category-rok-2017","category-tramwaj","tag-2017-05-02","tag-alstom-citadis302","tag-holandia","tag-majowka-2017-2","tag-most","tag-ret-rotterdam","tag-rotterdam"],"_links":{"self":[{"href":"https:\/\/wgphoto.pl\/t\/index.php?rest_route=\/wp\/v2\/posts\/15233","targetHints":{"allow":["GET"]}}],"collection":[{"href":"https:\/\/wgphoto.pl\/t\/index.php?rest_route=\/wp\/v2\/posts"}],"about":[{"href":"https:\/\/wgphoto.pl\/t\/index.php?rest_route=\/wp\/v2\/types\/post"}],"author":[{"embeddable":true,"href":"https:\/\/wgphoto.pl\/t\/index.php?rest_route=\/wp\/v2\/users\/1"}],"replies":[{"embeddable":true,"href":"https:\/\/wgphoto.pl\/t\/index.php?rest_route=%2Fwp%2Fv2%2Fcomments&post=15233"}],"version-history":[{"count":1,"href":"https:\/\/wgphoto.pl\/t\/index.php?rest_route=\/wp\/v2\/posts\/15233\/revisions"}],"predecessor-version":[{"id":15237,"href":"https:\/\/wgphoto.pl\/t\/index.php?rest_route=\/wp\/v2\/posts\/15233\/revisions\/15237"}],"wp:featuredmedia":[{"embeddable":true,"href":"https:\/\/wgphoto.pl\/t\/index.php?rest_route=\/wp\/v2\/media\/15236"}],"wp:attachment":[{"href":"https:\/\/wgphoto.pl\/t\/index.php?rest_route=%2Fwp%2Fv2%2Fmedia&parent=15233"}],"wp:term":[{"taxonomy":"category","embeddable":true,"href":"https:\/\/wgphoto.pl\/t\/index.php?rest_route=%2Fwp%2Fv2%2Fcategories&post=15233"},{"taxonomy":"post_tag","embeddable":true,"href":"https:\/\/wgphoto.pl\/t\/index.php?rest_route=%2Fwp%2Fv2%2Ftags&post=15233"}],"curies":[{"name":"wp","href":"https:\/\/api.w.org\/{rel}","templated":true}]}}