{"id":15238,"date":"2025-03-29T16:00:09","date_gmt":"2025-03-29T15:00:09","guid":{"rendered":"https:\/\/wgphoto.pl\/t\/?p=15238"},"modified":"2025-03-29T16:00:09","modified_gmt":"2025-03-29T15:00:09","slug":"stalowa-tuba","status":"publish","type":"post","link":"https:\/\/wgphoto.pl\/t\/?p=15238","title":{"rendered":"Stalowa tuba"},"content":{"rendered":"\n<figure class=\"wp-block-image aligncenter size-full\"><img loading=\"lazy\" decoding=\"async\" width=\"1200\" height=\"795\" src=\"https:\/\/wgphoto.pl\/t\/wp-content\/uploads\/2025\/03\/IMGP0899-2.jpg\" alt=\"\" class=\"wp-image-15239\" srcset=\"https:\/\/wgphoto.pl\/t\/wp-content\/uploads\/2025\/03\/IMGP0899-2.jpg 1200w, https:\/\/wgphoto.pl\/t\/wp-content\/uploads\/2025\/03\/IMGP0899-2-300x199.jpg 300w, https:\/\/wgphoto.pl\/t\/wp-content\/uploads\/2025\/03\/IMGP0899-2-768x509.jpg 768w\" sizes=\"auto, (max-width: 1200px) 100vw, 1200px\" \/><\/figure>\n\n\n\n<div class=\"wp-block-group has-global-padding is-layout-constrained wp-block-group-is-layout-constrained\">\n<p>Obs\u0142ug\u0119 podmiejskich linii o numerach 3 i 4 zapewnia 70 takich pojazd\u00f3w. Wagon 4053 za chwil\u0119 zatrzyma si\u0119 na przystanku Beatrixkwartier &#8211; jedynym zlokalizowanym wewn\u0105trz efektownej stalowej tuby. 2017-05-01<\/p>\n<\/div>\n","protected":false},"excerpt":{"rendered":"<p>Obs\u0142ug\u0119 podmiejskich linii o numerach 3 i 4 zapewnia 70 takich pojazd\u00f3w. Wagon 4053 za chwil\u0119 zatrzyma si\u0119 na przystanku Beatrixkwartier &#8211; jedynym zlokalizowanym wewn\u0105trz efektownej stalowej tuby. 2017-05-01<\/p>\n","protected":false},"author":1,"featured_media":15239,"comment_status":"open","ping_status":"","sticky":false,"template":"","format":"standard","meta":{"footnotes":""},"categories":[368,3],"tags":[373,34,371,370,369,787,905,1005,1004],"class_list":["post-15238","post","type-post","status-publish","format-standard","has-post-thumbnail","hentry","category-rok-2017","category-tramwaj","tag-2017-05-01","tag-architektura","tag-haga","tag-holandia","tag-htm-den-haag","tag-majowka-2017-2","tag-przez","tag-randstad-rail","tag-regio-citadis"],"_links":{"self":[{"href":"https:\/\/wgphoto.pl\/t\/index.php?rest_route=\/wp\/v2\/posts\/15238","targetHints":{"allow":["GET"]}}],"collection":[{"href":"https:\/\/wgphoto.pl\/t\/index.php?rest_route=\/wp\/v2\/posts"}],"about":[{"href":"https:\/\/wgphoto.pl\/t\/index.php?rest_route=\/wp\/v2\/types\/post"}],"author":[{"embeddable":true,"href":"https:\/\/wgphoto.pl\/t\/index.php?rest_route=\/wp\/v2\/users\/1"}],"replies":[{"embeddable":true,"href":"https:\/\/wgphoto.pl\/t\/index.php?rest_route=%2Fwp%2Fv2%2Fcomments&post=15238"}],"version-history":[{"count":1,"href":"https:\/\/wgphoto.pl\/t\/index.php?rest_route=\/wp\/v2\/posts\/15238\/revisions"}],"predecessor-version":[{"id":15240,"href":"https:\/\/wgphoto.pl\/t\/index.php?rest_route=\/wp\/v2\/posts\/15238\/revisions\/15240"}],"wp:featuredmedia":[{"embeddable":true,"href":"https:\/\/wgphoto.pl\/t\/index.php?rest_route=\/wp\/v2\/media\/15239"}],"wp:attachment":[{"href":"https:\/\/wgphoto.pl\/t\/index.php?rest_route=%2Fwp%2Fv2%2Fmedia&parent=15238"}],"wp:term":[{"taxonomy":"category","embeddable":true,"href":"https:\/\/wgphoto.pl\/t\/index.php?rest_route=%2Fwp%2Fv2%2Fcategories&post=15238"},{"taxonomy":"post_tag","embeddable":true,"href":"https:\/\/wgphoto.pl\/t\/index.php?rest_route=%2Fwp%2Fv2%2Ftags&post=15238"}],"curies":[{"name":"wp","href":"https:\/\/api.w.org\/{rel}","templated":true}]}}