{"id":15241,"date":"2025-03-29T16:01:18","date_gmt":"2025-03-29T15:01:18","guid":{"rendered":"https:\/\/wgphoto.pl\/t\/?p=15241"},"modified":"2025-03-29T16:01:18","modified_gmt":"2025-03-29T15:01:18","slug":"beatrixkwartier","status":"publish","type":"post","link":"https:\/\/wgphoto.pl\/t\/?p=15241","title":{"rendered":"Beatrixkwartier"},"content":{"rendered":"\n<figure class=\"wp-block-image aligncenter size-full\"><img loading=\"lazy\" decoding=\"async\" width=\"1200\" height=\"795\" src=\"https:\/\/wgphoto.pl\/t\/wp-content\/uploads\/2025\/03\/IMGP0891.jpg\" alt=\"\" class=\"wp-image-15242\" srcset=\"https:\/\/wgphoto.pl\/t\/wp-content\/uploads\/2025\/03\/IMGP0891.jpg 1200w, https:\/\/wgphoto.pl\/t\/wp-content\/uploads\/2025\/03\/IMGP0891-300x199.jpg 300w, https:\/\/wgphoto.pl\/t\/wp-content\/uploads\/2025\/03\/IMGP0891-768x509.jpg 768w\" sizes=\"auto, (max-width: 1200px) 100vw, 1200px\" \/><\/figure>\n\n\n\n<div class=\"wp-block-group has-global-padding is-layout-constrained wp-block-group-is-layout-constrained\">\n<p>Flagow\u0105 inwestycj\u0105 pierwszej dekady XXI wieku je\u015bli chodzi o tramwaje w Hadze by\u0142o uruchomienie szybkiego tramwaju do podmiejskiego Zoetermeer. Dwie linie rozpoczynaj\u0105 tras\u0119 w zachodnich dzielnicach Hagi i na obrze\u017ca \u015br\u00f3dmie\u015bcia docieraj\u0105 osobnymi trasami jako klasyczny tramwaj. Tam si\u0119 spotykaj\u0105, wje\u017cd\u017caj\u0105 w kr\u00f3tki tunel pod \u015bcis\u0142ym centrum, nast\u0119pnie zaliczaj\u0105 w\u0119ze\u0142 przy dworcu g\u0142\u00f3wnym, wskakuj\u0105 na estakad\u0119, kt\u00f3rej fragment wida\u0107 powy\u017cej, by wreszcie wyjecha\u0107 z miasta po dawnej linii kolejowej, przebudowanej na standard szybkiego tramwaju, lecz ze wzgl\u0119du na swoje parametry pozwalaj\u0105cej wci\u0105\u017c na rozwijanie pr\u0119dko\u015bci rz\u0119du 100 km\/h.<br><br>Na zdj\u0119ciu &#8211; regionalny Citadis pokonuje najbardziej imho efektowny odcinek, poprowadzony po estakadzie w dzielnicy biurowej, nosz\u0105cej imi\u0119 by\u0142ej kr\u00f3lowej Holandii. 2017-05-01<\/p>\n<\/div>\n","protected":false},"excerpt":{"rendered":"<p>Flagow\u0105 inwestycj\u0105 pierwszej dekady XXI wieku je\u015bli chodzi o tramwaje w Hadze by\u0142o uruchomienie szybkiego tramwaju do podmiejskiego Zoetermeer. Dwie linie rozpoczynaj\u0105 tras\u0119 w zachodnich dzielnicach Hagi i na obrze\u017ca \u015br\u00f3dmie\u015bcia docieraj\u0105 osobnymi trasami jako klasyczny tramwaj. Tam si\u0119 spotykaj\u0105, wje\u017cd\u017caj\u0105 w kr\u00f3tki tunel pod \u015bcis\u0142ym centrum, nast\u0119pnie zaliczaj\u0105 w\u0119ze\u0142 przy dworcu g\u0142\u00f3wnym, wskakuj\u0105 na [&hellip;]<\/p>\n","protected":false},"author":1,"featured_media":15242,"comment_status":"open","ping_status":"","sticky":false,"template":"","format":"standard","meta":{"footnotes":""},"categories":[368,3],"tags":[373,34,371,370,369,787,1005,1004],"class_list":["post-15241","post","type-post","status-publish","format-standard","has-post-thumbnail","hentry","category-rok-2017","category-tramwaj","tag-2017-05-01","tag-architektura","tag-haga","tag-holandia","tag-htm-den-haag","tag-majowka-2017-2","tag-randstad-rail","tag-regio-citadis"],"_links":{"self":[{"href":"https:\/\/wgphoto.pl\/t\/index.php?rest_route=\/wp\/v2\/posts\/15241","targetHints":{"allow":["GET"]}}],"collection":[{"href":"https:\/\/wgphoto.pl\/t\/index.php?rest_route=\/wp\/v2\/posts"}],"about":[{"href":"https:\/\/wgphoto.pl\/t\/index.php?rest_route=\/wp\/v2\/types\/post"}],"author":[{"embeddable":true,"href":"https:\/\/wgphoto.pl\/t\/index.php?rest_route=\/wp\/v2\/users\/1"}],"replies":[{"embeddable":true,"href":"https:\/\/wgphoto.pl\/t\/index.php?rest_route=%2Fwp%2Fv2%2Fcomments&post=15241"}],"version-history":[{"count":1,"href":"https:\/\/wgphoto.pl\/t\/index.php?rest_route=\/wp\/v2\/posts\/15241\/revisions"}],"predecessor-version":[{"id":15243,"href":"https:\/\/wgphoto.pl\/t\/index.php?rest_route=\/wp\/v2\/posts\/15241\/revisions\/15243"}],"wp:featuredmedia":[{"embeddable":true,"href":"https:\/\/wgphoto.pl\/t\/index.php?rest_route=\/wp\/v2\/media\/15242"}],"wp:attachment":[{"href":"https:\/\/wgphoto.pl\/t\/index.php?rest_route=%2Fwp%2Fv2%2Fmedia&parent=15241"}],"wp:term":[{"taxonomy":"category","embeddable":true,"href":"https:\/\/wgphoto.pl\/t\/index.php?rest_route=%2Fwp%2Fv2%2Fcategories&post=15241"},{"taxonomy":"post_tag","embeddable":true,"href":"https:\/\/wgphoto.pl\/t\/index.php?rest_route=%2Fwp%2Fv2%2Ftags&post=15241"}],"curies":[{"name":"wp","href":"https:\/\/api.w.org\/{rel}","templated":true}]}}