{"id":15247,"date":"2025-03-29T16:03:30","date_gmt":"2025-03-29T15:03:30","guid":{"rendered":"https:\/\/wgphoto.pl\/t\/?p=15247"},"modified":"2025-03-29T16:03:30","modified_gmt":"2025-03-29T15:03:30","slug":"za-duzo-2","status":"publish","type":"post","link":"https:\/\/wgphoto.pl\/t\/?p=15247","title":{"rendered":"Za du\u017co"},"content":{"rendered":"\n<figure class=\"wp-block-image aligncenter size-full\"><img loading=\"lazy\" decoding=\"async\" width=\"1200\" height=\"795\" src=\"https:\/\/wgphoto.pl\/t\/wp-content\/uploads\/2025\/03\/IMGP0523.jpg\" alt=\"\" class=\"wp-image-15248\" srcset=\"https:\/\/wgphoto.pl\/t\/wp-content\/uploads\/2025\/03\/IMGP0523.jpg 1200w, https:\/\/wgphoto.pl\/t\/wp-content\/uploads\/2025\/03\/IMGP0523-300x199.jpg 300w, https:\/\/wgphoto.pl\/t\/wp-content\/uploads\/2025\/03\/IMGP0523-768x509.jpg 768w\" sizes=\"auto, (max-width: 1200px) 100vw, 1200px\" \/><\/figure>\n\n\n\n<div class=\"wp-block-group has-global-padding is-layout-constrained wp-block-group-is-layout-constrained\">\n<p>Dziewi\u0105tka wyrusza w kolejny kurs spod monumentalnego budynku dworca centralnego. Ko\u0144czy tu tras\u0119 dziewi\u0119\u0107 linii tramwajowych na dw\u00f3ch p\u0119tlach (jedna po lewej, druga po prawej) okr\u0105\u017caj\u0105cych wody kana\u0142u. Na mnie to miejsce zrobi\u0142o du\u017co wi\u0119ksze wra\u017cenie na zdj\u0119ciach i mapie ni\u017c w rzeczywisto\u015bci. Tu jest jako\u015b tak za du\u017co tego wszystkiego, \u017ceby si\u0119 skupi\u0107 na podziwianiu in\u017cynierii w\u0119z\u0142a komunikacyjnego, pi\u0119kna architektury dworca oraz klimatu licznych nabrze\u017cy. 30.04.2017<\/p>\n<\/div>\n","protected":false},"excerpt":{"rendered":"<p>Dziewi\u0105tka wyrusza w kolejny kurs spod monumentalnego budynku dworca centralnego. Ko\u0144czy tu tras\u0119 dziewi\u0119\u0107 linii tramwajowych na dw\u00f3ch p\u0119tlach (jedna po lewej, druga po prawej) okr\u0105\u017caj\u0105cych wody kana\u0142u. Na mnie to miejsce zrobi\u0142o du\u017co wi\u0119ksze wra\u017cenie na zdj\u0119ciach i mapie ni\u017c w rzeczywisto\u015bci. Tu jest jako\u015b tak za du\u017co tego wszystkiego, \u017ceby si\u0119 skupi\u0107 na [&hellip;]<\/p>\n","protected":false},"author":1,"featured_media":15248,"comment_status":"open","ping_status":"","sticky":false,"template":"","format":"standard","meta":{"footnotes":""},"categories":[368,3],"tags":[1441,1439,1440,370,787,381,380],"class_list":["post-15247","post","type-post","status-publish","format-standard","has-post-thumbnail","hentry","category-rok-2017","category-tramwaj","tag-2017-04-30","tag-amsterdam","tag-gvb-amsterdam","tag-holandia","tag-majowka-2017-2","tag-siemens-combino","tag-spod-dworca"],"_links":{"self":[{"href":"https:\/\/wgphoto.pl\/t\/index.php?rest_route=\/wp\/v2\/posts\/15247","targetHints":{"allow":["GET"]}}],"collection":[{"href":"https:\/\/wgphoto.pl\/t\/index.php?rest_route=\/wp\/v2\/posts"}],"about":[{"href":"https:\/\/wgphoto.pl\/t\/index.php?rest_route=\/wp\/v2\/types\/post"}],"author":[{"embeddable":true,"href":"https:\/\/wgphoto.pl\/t\/index.php?rest_route=\/wp\/v2\/users\/1"}],"replies":[{"embeddable":true,"href":"https:\/\/wgphoto.pl\/t\/index.php?rest_route=%2Fwp%2Fv2%2Fcomments&post=15247"}],"version-history":[{"count":1,"href":"https:\/\/wgphoto.pl\/t\/index.php?rest_route=\/wp\/v2\/posts\/15247\/revisions"}],"predecessor-version":[{"id":15249,"href":"https:\/\/wgphoto.pl\/t\/index.php?rest_route=\/wp\/v2\/posts\/15247\/revisions\/15249"}],"wp:featuredmedia":[{"embeddable":true,"href":"https:\/\/wgphoto.pl\/t\/index.php?rest_route=\/wp\/v2\/media\/15248"}],"wp:attachment":[{"href":"https:\/\/wgphoto.pl\/t\/index.php?rest_route=%2Fwp%2Fv2%2Fmedia&parent=15247"}],"wp:term":[{"taxonomy":"category","embeddable":true,"href":"https:\/\/wgphoto.pl\/t\/index.php?rest_route=%2Fwp%2Fv2%2Fcategories&post=15247"},{"taxonomy":"post_tag","embeddable":true,"href":"https:\/\/wgphoto.pl\/t\/index.php?rest_route=%2Fwp%2Fv2%2Ftags&post=15247"}],"curies":[{"name":"wp","href":"https:\/\/api.w.org\/{rel}","templated":true}]}}