{"id":15250,"date":"2025-03-29T16:04:20","date_gmt":"2025-03-29T15:04:20","guid":{"rendered":"https:\/\/wgphoto.pl\/t\/?p=15250"},"modified":"2025-03-29T16:04:20","modified_gmt":"2025-03-29T15:04:20","slug":"trojkat-2","status":"publish","type":"post","link":"https:\/\/wgphoto.pl\/t\/?p=15250","title":{"rendered":"Tr\u00f3jk\u0105t"},"content":{"rendered":"\n<figure class=\"wp-block-image aligncenter size-full\"><img loading=\"lazy\" decoding=\"async\" width=\"1200\" height=\"825\" src=\"https:\/\/wgphoto.pl\/t\/wp-content\/uploads\/2025\/03\/IMGP1369.jpg\" alt=\"\" class=\"wp-image-15251\" srcset=\"https:\/\/wgphoto.pl\/t\/wp-content\/uploads\/2025\/03\/IMGP1369.jpg 1200w, https:\/\/wgphoto.pl\/t\/wp-content\/uploads\/2025\/03\/IMGP1369-300x206.jpg 300w, https:\/\/wgphoto.pl\/t\/wp-content\/uploads\/2025\/03\/IMGP1369-768x528.jpg 768w\" sizes=\"auto, (max-width: 1200px) 100vw, 1200px\" \/><\/figure>\n\n\n\n<div class=\"wp-block-group has-global-padding is-layout-constrained wp-block-group-is-layout-constrained\">\n<p>Citadis odje\u017cd\u017ca spod przecudnej urody dworca Rotterdam Centraal. Obecny budynek otwarto trzy lata temu. Trzeba przyzna\u0107 \u017ce pasuje do nowoczesnej, okolicznej architektury, ale do mnie jako\u015b nie przemawia. Przy okazji mo\u017cna te\u017c zaobserwowa\u0107, jak rowerzy\u015bci grzecznie przepuszczaj\u0105 tramwaj &#8211; jedynego uczestnika ruchu, przed kt\u00f3rym maj\u0105 respekt. 2017-05-02<\/p>\n<\/div>\n","protected":false},"excerpt":{"rendered":"<p>Citadis odje\u017cd\u017ca spod przecudnej urody dworca Rotterdam Centraal. Obecny budynek otwarto trzy lata temu. Trzeba przyzna\u0107 \u017ce pasuje do nowoczesnej, okolicznej architektury, ale do mnie jako\u015b nie przemawia. Przy okazji mo\u017cna te\u017c zaobserwowa\u0107, jak rowerzy\u015bci grzecznie przepuszczaj\u0105 tramwaj &#8211; jedynego uczestnika ruchu, przed kt\u00f3rym maj\u0105 respekt. 2017-05-02<\/p>\n","protected":false},"author":1,"featured_media":15251,"comment_status":"open","ping_status":"","sticky":false,"template":"","format":"standard","meta":{"footnotes":""},"categories":[368,3],"tags":[376,170,370,787,374,375,380],"class_list":["post-15250","post","type-post","status-publish","format-standard","has-post-thumbnail","hentry","category-rok-2017","category-tramwaj","tag-2017-05-02","tag-alstom-citadis302","tag-holandia","tag-majowka-2017-2","tag-ret-rotterdam","tag-rotterdam","tag-spod-dworca"],"_links":{"self":[{"href":"https:\/\/wgphoto.pl\/t\/index.php?rest_route=\/wp\/v2\/posts\/15250","targetHints":{"allow":["GET"]}}],"collection":[{"href":"https:\/\/wgphoto.pl\/t\/index.php?rest_route=\/wp\/v2\/posts"}],"about":[{"href":"https:\/\/wgphoto.pl\/t\/index.php?rest_route=\/wp\/v2\/types\/post"}],"author":[{"embeddable":true,"href":"https:\/\/wgphoto.pl\/t\/index.php?rest_route=\/wp\/v2\/users\/1"}],"replies":[{"embeddable":true,"href":"https:\/\/wgphoto.pl\/t\/index.php?rest_route=%2Fwp%2Fv2%2Fcomments&post=15250"}],"version-history":[{"count":1,"href":"https:\/\/wgphoto.pl\/t\/index.php?rest_route=\/wp\/v2\/posts\/15250\/revisions"}],"predecessor-version":[{"id":15252,"href":"https:\/\/wgphoto.pl\/t\/index.php?rest_route=\/wp\/v2\/posts\/15250\/revisions\/15252"}],"wp:featuredmedia":[{"embeddable":true,"href":"https:\/\/wgphoto.pl\/t\/index.php?rest_route=\/wp\/v2\/media\/15251"}],"wp:attachment":[{"href":"https:\/\/wgphoto.pl\/t\/index.php?rest_route=%2Fwp%2Fv2%2Fmedia&parent=15250"}],"wp:term":[{"taxonomy":"category","embeddable":true,"href":"https:\/\/wgphoto.pl\/t\/index.php?rest_route=%2Fwp%2Fv2%2Fcategories&post=15250"},{"taxonomy":"post_tag","embeddable":true,"href":"https:\/\/wgphoto.pl\/t\/index.php?rest_route=%2Fwp%2Fv2%2Ftags&post=15250"}],"curies":[{"name":"wp","href":"https:\/\/api.w.org\/{rel}","templated":true}]}}