{"id":15259,"date":"2025-03-29T16:08:19","date_gmt":"2025-03-29T15:08:19","guid":{"rendered":"https:\/\/wgphoto.pl\/t\/?p=15259"},"modified":"2025-03-29T16:08:19","modified_gmt":"2025-03-29T15:08:19","slug":"niespodzianka","status":"publish","type":"post","link":"https:\/\/wgphoto.pl\/t\/?p=15259","title":{"rendered":"Niespodzianka"},"content":{"rendered":"\n<figure class=\"wp-block-image aligncenter size-full\"><img loading=\"lazy\" decoding=\"async\" width=\"1200\" height=\"795\" src=\"https:\/\/wgphoto.pl\/t\/wp-content\/uploads\/2025\/03\/IMGP1171.jpg\" alt=\"\" class=\"wp-image-15260\" srcset=\"https:\/\/wgphoto.pl\/t\/wp-content\/uploads\/2025\/03\/IMGP1171.jpg 1200w, https:\/\/wgphoto.pl\/t\/wp-content\/uploads\/2025\/03\/IMGP1171-300x199.jpg 300w, https:\/\/wgphoto.pl\/t\/wp-content\/uploads\/2025\/03\/IMGP1171-768x509.jpg 768w\" sizes=\"auto, (max-width: 1200px) 100vw, 1200px\" \/><\/figure>\n\n\n\n<div class=\"wp-block-group has-global-padding is-layout-constrained wp-block-group-is-layout-constrained\">\n<p>Fajnie jest nie wiedzie\u0107, jaki sk\u0142ad przyjedzie i czeka\u0107 na peronie jak na niespodziank\u0119, ale niefajnie, gdy przyje\u017cd\u017ca poci\u0105g o kilka wagon\u00f3w za d\u0142ugi. Tym razem jednak mia\u0142em szcz\u0119\u015bcie i szybka zmiana miejsca przyniosla efekt nawet ciekawszy od zamierzonego w postaci zdj\u0119cia z hal\u0105 peronow\u0105 zamiast wewn\u0105trz niej. W roli g\u0142\u00f3wnej IC 1183 relacji Den Haag Centraal &#8211; Eindhoven, prowadzony lokomotyw\u0105 niestety nieposiadaj\u0105c\u0105 insygni\u00f3w narodowego przewo\u017anika. Nie wiem, czy to jaka\u015b wypo\u017cyczka, ale tak wygl\u0105daj\u0105cych TRAXX-\u00f3w widzia\u0142em r\u00f3wnie du\u017co, co pomalowanych w \u017c\u00f3\u0142to-niebieskie barwy kolei holenderskich. 2017-05-01<\/p>\n<\/div>\n","protected":false},"excerpt":{"rendered":"<p>Fajnie jest nie wiedzie\u0107, jaki sk\u0142ad przyjedzie i czeka\u0107 na peronie jak na niespodziank\u0119, ale niefajnie, gdy przyje\u017cd\u017ca poci\u0105g o kilka wagon\u00f3w za d\u0142ugi. Tym razem jednak mia\u0142em szcz\u0119\u015bcie i szybka zmiana miejsca przyniosla efekt nawet ciekawszy od zamierzonego w postaci zdj\u0119cia z hal\u0105 peronow\u0105 zamiast wewn\u0105trz niej. W roli g\u0142\u00f3wnej IC 1183 relacji Den [&hellip;]<\/p>\n","protected":false},"author":1,"featured_media":15260,"comment_status":"open","ping_status":"","sticky":false,"template":"","format":"standard","meta":{"footnotes":""},"categories":[2,368],"tags":[373,2173,371,179,370,787,154,1453,2286],"class_list":["post-15259","post","type-post","status-publish","format-standard","has-post-thumbnail","hentry","category-kolej","category-rok-2017","tag-2017-05-01","tag-den-haag-hollands-spoor","tag-haga","tag-hala-peronowa","tag-holandia","tag-majowka-2017-2","tag-noc","tag-ns","tag-traxx"],"_links":{"self":[{"href":"https:\/\/wgphoto.pl\/t\/index.php?rest_route=\/wp\/v2\/posts\/15259","targetHints":{"allow":["GET"]}}],"collection":[{"href":"https:\/\/wgphoto.pl\/t\/index.php?rest_route=\/wp\/v2\/posts"}],"about":[{"href":"https:\/\/wgphoto.pl\/t\/index.php?rest_route=\/wp\/v2\/types\/post"}],"author":[{"embeddable":true,"href":"https:\/\/wgphoto.pl\/t\/index.php?rest_route=\/wp\/v2\/users\/1"}],"replies":[{"embeddable":true,"href":"https:\/\/wgphoto.pl\/t\/index.php?rest_route=%2Fwp%2Fv2%2Fcomments&post=15259"}],"version-history":[{"count":1,"href":"https:\/\/wgphoto.pl\/t\/index.php?rest_route=\/wp\/v2\/posts\/15259\/revisions"}],"predecessor-version":[{"id":15261,"href":"https:\/\/wgphoto.pl\/t\/index.php?rest_route=\/wp\/v2\/posts\/15259\/revisions\/15261"}],"wp:featuredmedia":[{"embeddable":true,"href":"https:\/\/wgphoto.pl\/t\/index.php?rest_route=\/wp\/v2\/media\/15260"}],"wp:attachment":[{"href":"https:\/\/wgphoto.pl\/t\/index.php?rest_route=%2Fwp%2Fv2%2Fmedia&parent=15259"}],"wp:term":[{"taxonomy":"category","embeddable":true,"href":"https:\/\/wgphoto.pl\/t\/index.php?rest_route=%2Fwp%2Fv2%2Fcategories&post=15259"},{"taxonomy":"post_tag","embeddable":true,"href":"https:\/\/wgphoto.pl\/t\/index.php?rest_route=%2Fwp%2Fv2%2Ftags&post=15259"}],"curies":[{"name":"wp","href":"https:\/\/api.w.org\/{rel}","templated":true}]}}