{"id":15265,"date":"2025-03-29T16:14:47","date_gmt":"2025-03-29T15:14:47","guid":{"rendered":"https:\/\/wgphoto.pl\/t\/?p=15265"},"modified":"2025-03-29T16:14:47","modified_gmt":"2025-03-29T15:14:47","slug":"swiateczny-poranek","status":"publish","type":"post","link":"https:\/\/wgphoto.pl\/t\/?p=15265","title":{"rendered":"\u015awi\u0105teczny poranek"},"content":{"rendered":"\n<figure class=\"wp-block-image aligncenter size-full\"><img loading=\"lazy\" decoding=\"async\" width=\"1200\" height=\"795\" src=\"https:\/\/wgphoto.pl\/t\/wp-content\/uploads\/2025\/03\/IMGP4400.jpg\" alt=\"\" class=\"wp-image-15266\" srcset=\"https:\/\/wgphoto.pl\/t\/wp-content\/uploads\/2025\/03\/IMGP4400.jpg 1200w, https:\/\/wgphoto.pl\/t\/wp-content\/uploads\/2025\/03\/IMGP4400-300x199.jpg 300w, https:\/\/wgphoto.pl\/t\/wp-content\/uploads\/2025\/03\/IMGP4400-768x509.jpg 768w\" sizes=\"auto, (max-width: 1200px) 100vw, 1200px\" \/><\/figure>\n\n\n\n<div class=\"wp-block-group has-global-padding is-layout-constrained wp-block-group-is-layout-constrained\">\n<p>Magdeburg, Leipziger Chausee. Alstom z doczep\u0105 p\u0119dzi w \u015bwi\u0105teczny poranek najnowsz\u0105 tras\u0105 w mie\u015bcie do p\u0119tli Reform. 2016-05-01<\/p>\n<\/div>\n","protected":false},"excerpt":{"rendered":"<p>Magdeburg, Leipziger Chausee. Alstom z doczep\u0105 p\u0119dzi w \u015bwi\u0105teczny poranek najnowsz\u0105 tras\u0105 w mie\u015bcie do p\u0119tli Reform. 2016-05-01<\/p>\n","protected":false},"author":1,"featured_media":15266,"comment_status":"open","ping_status":"","sticky":false,"template":"","format":"standard","meta":{"footnotes":""},"categories":[125,3],"tags":[1407,1408,1405,635,1406,23,143],"class_list":["post-15265","post","type-post","status-publish","format-standard","has-post-thumbnail","hentry","category-rok-2016","category-tramwaj","tag-2016-05-01","tag-alstom-citadis200","tag-magdeburg","tag-majowka-2016","tag-mvb-magdeburg","tag-niemcy","tag-ponad-30m"],"_links":{"self":[{"href":"https:\/\/wgphoto.pl\/t\/index.php?rest_route=\/wp\/v2\/posts\/15265","targetHints":{"allow":["GET"]}}],"collection":[{"href":"https:\/\/wgphoto.pl\/t\/index.php?rest_route=\/wp\/v2\/posts"}],"about":[{"href":"https:\/\/wgphoto.pl\/t\/index.php?rest_route=\/wp\/v2\/types\/post"}],"author":[{"embeddable":true,"href":"https:\/\/wgphoto.pl\/t\/index.php?rest_route=\/wp\/v2\/users\/1"}],"replies":[{"embeddable":true,"href":"https:\/\/wgphoto.pl\/t\/index.php?rest_route=%2Fwp%2Fv2%2Fcomments&post=15265"}],"version-history":[{"count":1,"href":"https:\/\/wgphoto.pl\/t\/index.php?rest_route=\/wp\/v2\/posts\/15265\/revisions"}],"predecessor-version":[{"id":15267,"href":"https:\/\/wgphoto.pl\/t\/index.php?rest_route=\/wp\/v2\/posts\/15265\/revisions\/15267"}],"wp:featuredmedia":[{"embeddable":true,"href":"https:\/\/wgphoto.pl\/t\/index.php?rest_route=\/wp\/v2\/media\/15266"}],"wp:attachment":[{"href":"https:\/\/wgphoto.pl\/t\/index.php?rest_route=%2Fwp%2Fv2%2Fmedia&parent=15265"}],"wp:term":[{"taxonomy":"category","embeddable":true,"href":"https:\/\/wgphoto.pl\/t\/index.php?rest_route=%2Fwp%2Fv2%2Fcategories&post=15265"},{"taxonomy":"post_tag","embeddable":true,"href":"https:\/\/wgphoto.pl\/t\/index.php?rest_route=%2Fwp%2Fv2%2Ftags&post=15265"}],"curies":[{"name":"wp","href":"https:\/\/api.w.org\/{rel}","templated":true}]}}