{"id":15268,"date":"2025-03-29T16:16:15","date_gmt":"2025-03-29T15:16:15","guid":{"rendered":"https:\/\/wgphoto.pl\/t\/?p=15268"},"modified":"2025-03-29T16:16:15","modified_gmt":"2025-03-29T15:16:15","slug":"t3m2","status":"publish","type":"post","link":"https:\/\/wgphoto.pl\/t\/?p=15268","title":{"rendered":"T3M2"},"content":{"rendered":"\n<figure class=\"wp-block-image aligncenter size-full\"><img loading=\"lazy\" decoding=\"async\" width=\"1200\" height=\"795\" src=\"https:\/\/wgphoto.pl\/t\/wp-content\/uploads\/2025\/03\/IMGP1602.jpg\" alt=\"\" class=\"wp-image-15269\" srcset=\"https:\/\/wgphoto.pl\/t\/wp-content\/uploads\/2025\/03\/IMGP1602.jpg 1200w, https:\/\/wgphoto.pl\/t\/wp-content\/uploads\/2025\/03\/IMGP1602-300x199.jpg 300w, https:\/\/wgphoto.pl\/t\/wp-content\/uploads\/2025\/03\/IMGP1602-768x509.jpg 768w\" sizes=\"auto, (max-width: 1200px) 100vw, 1200px\" \/><\/figure>\n\n\n\n<div class=\"wp-block-group has-global-padding is-layout-constrained wp-block-group-is-layout-constrained\">\n<p>Prywaciarska Tamara \u015bwiszczy a\u017c mi\u0142o p\u0119dz\u0105c z szutr\u00f3wkami na haku szlakiem z Malczyc do Szczedrzykowic. Kto\u015b chcia\u0142 by\u0107 chyba bardziej &#8222;pro&#8221; od u\u017cytkownik\u00f3w cyrylicy i oznaczy\u0142 t\u0119 maszyn\u0119 jako &#8222;T3M2&#8221;. \ud83d\ude09 2017-05-11<\/p>\n<\/div>\n","protected":false},"excerpt":{"rendered":"<p>Prywaciarska Tamara \u015bwiszczy a\u017c mi\u0142o p\u0119dz\u0105c z szutr\u00f3wkami na haku szlakiem z Malczyc do Szczedrzykowic. Kto\u015b chcia\u0142 by\u0107 chyba bardziej &#8222;pro&#8221; od u\u017cytkownik\u00f3w cyrylicy i oznaczy\u0142 t\u0119 maszyn\u0119 jako &#8222;T3M2&#8221;. \ud83d\ude09 2017-05-11<\/p>\n","protected":false},"author":1,"featured_media":15269,"comment_status":"open","ping_status":"","sticky":false,"template":"","format":"standard","meta":{"footnotes":""},"categories":[2,368],"tags":[3570,232,27,3571,233,482,294],"class_list":["post-15268","post","type-post","status-publish","format-standard","has-post-thumbnail","hentry","category-kolej","category-rok-2017","tag-2017-05-11","tag-malczyce","tag-polska","tag-szczedrzykowice","tag-tab-pl260","tag-tem2","tag-wiosna"],"_links":{"self":[{"href":"https:\/\/wgphoto.pl\/t\/index.php?rest_route=\/wp\/v2\/posts\/15268","targetHints":{"allow":["GET"]}}],"collection":[{"href":"https:\/\/wgphoto.pl\/t\/index.php?rest_route=\/wp\/v2\/posts"}],"about":[{"href":"https:\/\/wgphoto.pl\/t\/index.php?rest_route=\/wp\/v2\/types\/post"}],"author":[{"embeddable":true,"href":"https:\/\/wgphoto.pl\/t\/index.php?rest_route=\/wp\/v2\/users\/1"}],"replies":[{"embeddable":true,"href":"https:\/\/wgphoto.pl\/t\/index.php?rest_route=%2Fwp%2Fv2%2Fcomments&post=15268"}],"version-history":[{"count":1,"href":"https:\/\/wgphoto.pl\/t\/index.php?rest_route=\/wp\/v2\/posts\/15268\/revisions"}],"predecessor-version":[{"id":15270,"href":"https:\/\/wgphoto.pl\/t\/index.php?rest_route=\/wp\/v2\/posts\/15268\/revisions\/15270"}],"wp:featuredmedia":[{"embeddable":true,"href":"https:\/\/wgphoto.pl\/t\/index.php?rest_route=\/wp\/v2\/media\/15269"}],"wp:attachment":[{"href":"https:\/\/wgphoto.pl\/t\/index.php?rest_route=%2Fwp%2Fv2%2Fmedia&parent=15268"}],"wp:term":[{"taxonomy":"category","embeddable":true,"href":"https:\/\/wgphoto.pl\/t\/index.php?rest_route=%2Fwp%2Fv2%2Fcategories&post=15268"},{"taxonomy":"post_tag","embeddable":true,"href":"https:\/\/wgphoto.pl\/t\/index.php?rest_route=%2Fwp%2Fv2%2Ftags&post=15268"}],"curies":[{"name":"wp","href":"https:\/\/api.w.org\/{rel}","templated":true}]}}