{"id":15274,"date":"2025-03-29T17:02:39","date_gmt":"2025-03-29T16:02:39","guid":{"rendered":"https:\/\/wgphoto.pl\/t\/?p=15274"},"modified":"2025-03-29T17:02:39","modified_gmt":"2025-03-29T16:02:39","slug":"pewnego-wieczoru-na-grabiszynku","status":"publish","type":"post","link":"https:\/\/wgphoto.pl\/t\/?p=15274","title":{"rendered":"Pewnego wieczoru na Grabiszynku"},"content":{"rendered":"\n<figure class=\"wp-block-image aligncenter size-full\"><img loading=\"lazy\" decoding=\"async\" width=\"1200\" height=\"800\" src=\"https:\/\/wgphoto.pl\/t\/wp-content\/uploads\/2025\/03\/0822-09a.jpg\" alt=\"\" class=\"wp-image-15275\" srcset=\"https:\/\/wgphoto.pl\/t\/wp-content\/uploads\/2025\/03\/0822-09a.jpg 1200w, https:\/\/wgphoto.pl\/t\/wp-content\/uploads\/2025\/03\/0822-09a-300x200.jpg 300w, https:\/\/wgphoto.pl\/t\/wp-content\/uploads\/2025\/03\/0822-09a-768x512.jpg 768w\" sizes=\"auto, (max-width: 1200px) 100vw, 1200px\" \/><\/figure>\n\n\n\n<div class=\"wp-block-group has-global-padding is-layout-constrained wp-block-group-is-layout-constrained\">\n<p>\u2026zawita\u0142a trzynastka. Tak to jest jak si\u0119 je\u017adzi wozem z &#8222;awaryjnego&#8221;, wyposa\u017conym w tablice nawet tych linii, jakich ju\u017c nie ma. 13.11.2008<\/p>\n<\/div>\n","protected":false},"excerpt":{"rendered":"<p>\u2026zawita\u0142a trzynastka. Tak to jest jak si\u0119 je\u017adzi wozem z &#8222;awaryjnego&#8221;, wyposa\u017conym w tablice nawet tych linii, jakich ju\u017c nie ma. 13.11.2008<\/p>\n","protected":false},"author":1,"featured_media":15275,"comment_status":"open","ping_status":"","sticky":false,"template":"","format":"standard","meta":{"footnotes":""},"categories":[62,120,3],"tags":[1639,309,42,154,27,439,41],"class_list":["post-15274","post","type-post","status-publish","format-standard","has-post-thumbnail","hentry","category-analog","category-rok-2008","category-tramwaj","tag-2008-11-13","tag-konstal-102na","tag-mpk-wroclaw","tag-noc","tag-polska","tag-we-fabryce","tag-wroclaw"],"_links":{"self":[{"href":"https:\/\/wgphoto.pl\/t\/index.php?rest_route=\/wp\/v2\/posts\/15274","targetHints":{"allow":["GET"]}}],"collection":[{"href":"https:\/\/wgphoto.pl\/t\/index.php?rest_route=\/wp\/v2\/posts"}],"about":[{"href":"https:\/\/wgphoto.pl\/t\/index.php?rest_route=\/wp\/v2\/types\/post"}],"author":[{"embeddable":true,"href":"https:\/\/wgphoto.pl\/t\/index.php?rest_route=\/wp\/v2\/users\/1"}],"replies":[{"embeddable":true,"href":"https:\/\/wgphoto.pl\/t\/index.php?rest_route=%2Fwp%2Fv2%2Fcomments&post=15274"}],"version-history":[{"count":1,"href":"https:\/\/wgphoto.pl\/t\/index.php?rest_route=\/wp\/v2\/posts\/15274\/revisions"}],"predecessor-version":[{"id":15276,"href":"https:\/\/wgphoto.pl\/t\/index.php?rest_route=\/wp\/v2\/posts\/15274\/revisions\/15276"}],"wp:featuredmedia":[{"embeddable":true,"href":"https:\/\/wgphoto.pl\/t\/index.php?rest_route=\/wp\/v2\/media\/15275"}],"wp:attachment":[{"href":"https:\/\/wgphoto.pl\/t\/index.php?rest_route=%2Fwp%2Fv2%2Fmedia&parent=15274"}],"wp:term":[{"taxonomy":"category","embeddable":true,"href":"https:\/\/wgphoto.pl\/t\/index.php?rest_route=%2Fwp%2Fv2%2Fcategories&post=15274"},{"taxonomy":"post_tag","embeddable":true,"href":"https:\/\/wgphoto.pl\/t\/index.php?rest_route=%2Fwp%2Fv2%2Ftags&post=15274"}],"curies":[{"name":"wp","href":"https:\/\/api.w.org\/{rel}","templated":true}]}}