{"id":15286,"date":"2025-03-29T17:06:10","date_gmt":"2025-03-29T16:06:10","guid":{"rendered":"https:\/\/wgphoto.pl\/t\/?p=15286"},"modified":"2025-03-29T17:06:10","modified_gmt":"2025-03-29T16:06:10","slug":"wyprawa-na-tarnogaj","status":"publish","type":"post","link":"https:\/\/wgphoto.pl\/t\/?p=15286","title":{"rendered":"Wyprawa na Tarnogaj"},"content":{"rendered":"\n<figure class=\"wp-block-image aligncenter size-full\"><img loading=\"lazy\" decoding=\"async\" width=\"1200\" height=\"800\" src=\"https:\/\/wgphoto.pl\/t\/wp-content\/uploads\/2025\/03\/IMGP9871.jpg\" alt=\"\" class=\"wp-image-15287\" srcset=\"https:\/\/wgphoto.pl\/t\/wp-content\/uploads\/2025\/03\/IMGP9871.jpg 1200w, https:\/\/wgphoto.pl\/t\/wp-content\/uploads\/2025\/03\/IMGP9871-300x200.jpg 300w, https:\/\/wgphoto.pl\/t\/wp-content\/uploads\/2025\/03\/IMGP9871-768x512.jpg 768w\" sizes=\"auto, (max-width: 1200px) 100vw, 1200px\" \/><\/figure>\n\n\n\n<div class=\"wp-block-group has-global-padding is-layout-constrained wp-block-group-is-layout-constrained\">\n<p>Wyprawa na Tarnogaj by\u0142a w\u00f3wczas wydarzeniem, poniewa\u017c zajezdnia obs\u0142uguj\u0105ca awaryjnego nie mia\u0142a \u017cadnej brygady na 8, 15 ani 22 lub miewa\u0142a w r\u00f3\u017cnych okresach jakie\u015b pojedyncze zadania. Dlatego tym ch\u0119tniej pope\u0142ni\u0142em tego deszczowego poranka foto z charakterystycznymi dla ulicy Tarnogajskiej kamienicami. 18.03.2011<\/p>\n<\/div>\n","protected":false},"excerpt":{"rendered":"<p>Wyprawa na Tarnogaj by\u0142a w\u00f3wczas wydarzeniem, poniewa\u017c zajezdnia obs\u0142uguj\u0105ca awaryjnego nie mia\u0142a \u017cadnej brygady na 8, 15 ani 22 lub miewa\u0142a w r\u00f3\u017cnych okresach jakie\u015b pojedyncze zadania. Dlatego tym ch\u0119tniej pope\u0142ni\u0142em tego deszczowego poranka foto z charakterystycznymi dla ulicy Tarnogajskiej kamienicami. 18.03.2011<\/p>\n","protected":false},"author":1,"featured_media":15287,"comment_status":"open","ping_status":"","sticky":false,"template":"","format":"standard","meta":{"footnotes":""},"categories":[77,3],"tags":[3574,13,309,42,27,439,41],"class_list":["post-15286","post","type-post","status-publish","format-standard","has-post-thumbnail","hentry","category-rok-2011","category-tramwaj","tag-2011-03-18","tag-deszcz","tag-konstal-102na","tag-mpk-wroclaw","tag-polska","tag-we-fabryce","tag-wroclaw"],"_links":{"self":[{"href":"https:\/\/wgphoto.pl\/t\/index.php?rest_route=\/wp\/v2\/posts\/15286","targetHints":{"allow":["GET"]}}],"collection":[{"href":"https:\/\/wgphoto.pl\/t\/index.php?rest_route=\/wp\/v2\/posts"}],"about":[{"href":"https:\/\/wgphoto.pl\/t\/index.php?rest_route=\/wp\/v2\/types\/post"}],"author":[{"embeddable":true,"href":"https:\/\/wgphoto.pl\/t\/index.php?rest_route=\/wp\/v2\/users\/1"}],"replies":[{"embeddable":true,"href":"https:\/\/wgphoto.pl\/t\/index.php?rest_route=%2Fwp%2Fv2%2Fcomments&post=15286"}],"version-history":[{"count":1,"href":"https:\/\/wgphoto.pl\/t\/index.php?rest_route=\/wp\/v2\/posts\/15286\/revisions"}],"predecessor-version":[{"id":15288,"href":"https:\/\/wgphoto.pl\/t\/index.php?rest_route=\/wp\/v2\/posts\/15286\/revisions\/15288"}],"wp:featuredmedia":[{"embeddable":true,"href":"https:\/\/wgphoto.pl\/t\/index.php?rest_route=\/wp\/v2\/media\/15287"}],"wp:attachment":[{"href":"https:\/\/wgphoto.pl\/t\/index.php?rest_route=%2Fwp%2Fv2%2Fmedia&parent=15286"}],"wp:term":[{"taxonomy":"category","embeddable":true,"href":"https:\/\/wgphoto.pl\/t\/index.php?rest_route=%2Fwp%2Fv2%2Fcategories&post=15286"},{"taxonomy":"post_tag","embeddable":true,"href":"https:\/\/wgphoto.pl\/t\/index.php?rest_route=%2Fwp%2Fv2%2Ftags&post=15286"}],"curies":[{"name":"wp","href":"https:\/\/api.w.org\/{rel}","templated":true}]}}