{"id":15289,"date":"2025-03-29T17:07:39","date_gmt":"2025-03-29T16:07:39","guid":{"rendered":"https:\/\/wgphoto.pl\/t\/?p=15289"},"modified":"2025-03-29T17:07:39","modified_gmt":"2025-03-29T16:07:39","slug":"tramwaj-szkoleniowy","status":"publish","type":"post","link":"https:\/\/wgphoto.pl\/t\/?p=15289","title":{"rendered":"Tramwaj szkoleniowy"},"content":{"rendered":"\n<figure class=\"wp-block-image aligncenter size-full\"><img loading=\"lazy\" decoding=\"async\" width=\"1200\" height=\"803\" src=\"https:\/\/wgphoto.pl\/t\/wp-content\/uploads\/2025\/03\/IMGP3927.jpg\" alt=\"\" class=\"wp-image-15291\" srcset=\"https:\/\/wgphoto.pl\/t\/wp-content\/uploads\/2025\/03\/IMGP3927.jpg 1200w, https:\/\/wgphoto.pl\/t\/wp-content\/uploads\/2025\/03\/IMGP3927-300x201.jpg 300w, https:\/\/wgphoto.pl\/t\/wp-content\/uploads\/2025\/03\/IMGP3927-768x514.jpg 768w\" sizes=\"auto, (max-width: 1200px) 100vw, 1200px\" \/><\/figure>\n\n\n\n<div class=\"wp-block-group has-global-padding is-layout-constrained wp-block-group-is-layout-constrained\">\n<p>Pewnej majowej nocy wyruszy\u0142 na miasto &#8222;tramwaj szkolenowy&#8221; dla student\u00f3w PWr. Jej celem by\u0142o pokazanie zainteresowanym pewnych ciekawostek w zakresie ruchu tramwajowego oraz specyfiki komunikacji miejskiej w og\u00f3le. Na zdj\u0119ciu akurat sztudenty bawi\u0105 si\u0119 zwrotnic\u0105, a ja fotografuj\u0119 tramwaj ze znalezion\u0105 w kabinie tablic\u0105. B\u0119dzie to cz\u0119sty rekwizyt tej nocy jako jedyna b\u0119d\u0105ca na stanie tablica linii nocnej. \ud83d\ude09 2010-05-28<\/p>\n<\/div>\n","protected":false},"excerpt":{"rendered":"<p>Pewnej majowej nocy wyruszy\u0142 na miasto &#8222;tramwaj szkolenowy&#8221; dla student\u00f3w PWr. Jej celem by\u0142o pokazanie zainteresowanym pewnych ciekawostek w zakresie ruchu tramwajowego oraz specyfiki komunikacji miejskiej w og\u00f3le. Na zdj\u0119ciu akurat sztudenty bawi\u0105 si\u0119 zwrotnic\u0105, a ja fotografuj\u0119 tramwaj ze znalezion\u0105 w kabinie tablic\u0105. B\u0119dzie to cz\u0119sty rekwizyt tej nocy jako jedyna b\u0119d\u0105ca na stanie [&hellip;]<\/p>\n","protected":false},"author":1,"featured_media":15291,"comment_status":"open","ping_status":"","sticky":false,"template":"","format":"standard","meta":{"footnotes":""},"categories":[86,3],"tags":[3575,309,42,154,27,202,439,41],"class_list":["post-15289","post","type-post","status-publish","format-standard","has-post-thumbnail","hentry","category-rok-2010","category-tramwaj","tag-2010-05-28","tag-konstal-102na","tag-mpk-wroclaw","tag-noc","tag-polska","tag-specjalny","tag-we-fabryce","tag-wroclaw"],"_links":{"self":[{"href":"https:\/\/wgphoto.pl\/t\/index.php?rest_route=\/wp\/v2\/posts\/15289","targetHints":{"allow":["GET"]}}],"collection":[{"href":"https:\/\/wgphoto.pl\/t\/index.php?rest_route=\/wp\/v2\/posts"}],"about":[{"href":"https:\/\/wgphoto.pl\/t\/index.php?rest_route=\/wp\/v2\/types\/post"}],"author":[{"embeddable":true,"href":"https:\/\/wgphoto.pl\/t\/index.php?rest_route=\/wp\/v2\/users\/1"}],"replies":[{"embeddable":true,"href":"https:\/\/wgphoto.pl\/t\/index.php?rest_route=%2Fwp%2Fv2%2Fcomments&post=15289"}],"version-history":[{"count":1,"href":"https:\/\/wgphoto.pl\/t\/index.php?rest_route=\/wp\/v2\/posts\/15289\/revisions"}],"predecessor-version":[{"id":15292,"href":"https:\/\/wgphoto.pl\/t\/index.php?rest_route=\/wp\/v2\/posts\/15289\/revisions\/15292"}],"wp:featuredmedia":[{"embeddable":true,"href":"https:\/\/wgphoto.pl\/t\/index.php?rest_route=\/wp\/v2\/media\/15291"}],"wp:attachment":[{"href":"https:\/\/wgphoto.pl\/t\/index.php?rest_route=%2Fwp%2Fv2%2Fmedia&parent=15289"}],"wp:term":[{"taxonomy":"category","embeddable":true,"href":"https:\/\/wgphoto.pl\/t\/index.php?rest_route=%2Fwp%2Fv2%2Fcategories&post=15289"},{"taxonomy":"post_tag","embeddable":true,"href":"https:\/\/wgphoto.pl\/t\/index.php?rest_route=%2Fwp%2Fv2%2Ftags&post=15289"}],"curies":[{"name":"wp","href":"https:\/\/api.w.org\/{rel}","templated":true}]}}