{"id":15299,"date":"2025-03-29T17:10:28","date_gmt":"2025-03-29T16:10:28","guid":{"rendered":"https:\/\/wgphoto.pl\/t\/?p=15299"},"modified":"2025-03-29T17:10:28","modified_gmt":"2025-03-29T16:10:28","slug":"cierpliwosc","status":"publish","type":"post","link":"https:\/\/wgphoto.pl\/t\/?p=15299","title":{"rendered":"Cierpliwo\u015b\u0107"},"content":{"rendered":"\n<figure class=\"wp-block-image aligncenter size-full\"><img loading=\"lazy\" decoding=\"async\" width=\"1200\" height=\"803\" src=\"https:\/\/wgphoto.pl\/t\/wp-content\/uploads\/2025\/03\/IMGP3945.jpg\" alt=\"\" class=\"wp-image-15300\" srcset=\"https:\/\/wgphoto.pl\/t\/wp-content\/uploads\/2025\/03\/IMGP3945.jpg 1200w, https:\/\/wgphoto.pl\/t\/wp-content\/uploads\/2025\/03\/IMGP3945-300x201.jpg 300w, https:\/\/wgphoto.pl\/t\/wp-content\/uploads\/2025\/03\/IMGP3945-768x514.jpg 768w\" sizes=\"auto, (max-width: 1200px) 100vw, 1200px\" \/><\/figure>\n\n\n\n<div class=\"wp-block-group has-global-padding is-layout-constrained wp-block-group-is-layout-constrained\">\n<p>Na koniec wycieczki &#8222;tramwaj szkoleniowy&#8221; wjecha\u0142 na ul. Dmowskiego. Motorniczy polaz\u0142 robi\u0107 zdj\u0119cia tramwaju, a uczestnicy czekaj\u0105 ju\u017c niecierpliwie na foto grupowe. 2010-05-28<\/p>\n<\/div>\n","protected":false},"excerpt":{"rendered":"<p>Na koniec wycieczki &#8222;tramwaj szkoleniowy&#8221; wjecha\u0142 na ul. Dmowskiego. Motorniczy polaz\u0142 robi\u0107 zdj\u0119cia tramwaju, a uczestnicy czekaj\u0105 ju\u017c niecierpliwie na foto grupowe. 2010-05-28<\/p>\n","protected":false},"author":1,"featured_media":15300,"comment_status":"open","ping_status":"","sticky":false,"template":"","format":"standard","meta":{"footnotes":""},"categories":[86,3],"tags":[3575,309,42,27,176,202,439,41],"class_list":["post-15299","post","type-post","status-publish","format-standard","has-post-thumbnail","hentry","category-rok-2010","category-tramwaj","tag-2010-05-28","tag-konstal-102na","tag-mpk-wroclaw","tag-polska","tag-rano","tag-specjalny","tag-we-fabryce","tag-wroclaw"],"_links":{"self":[{"href":"https:\/\/wgphoto.pl\/t\/index.php?rest_route=\/wp\/v2\/posts\/15299","targetHints":{"allow":["GET"]}}],"collection":[{"href":"https:\/\/wgphoto.pl\/t\/index.php?rest_route=\/wp\/v2\/posts"}],"about":[{"href":"https:\/\/wgphoto.pl\/t\/index.php?rest_route=\/wp\/v2\/types\/post"}],"author":[{"embeddable":true,"href":"https:\/\/wgphoto.pl\/t\/index.php?rest_route=\/wp\/v2\/users\/1"}],"replies":[{"embeddable":true,"href":"https:\/\/wgphoto.pl\/t\/index.php?rest_route=%2Fwp%2Fv2%2Fcomments&post=15299"}],"version-history":[{"count":1,"href":"https:\/\/wgphoto.pl\/t\/index.php?rest_route=\/wp\/v2\/posts\/15299\/revisions"}],"predecessor-version":[{"id":15301,"href":"https:\/\/wgphoto.pl\/t\/index.php?rest_route=\/wp\/v2\/posts\/15299\/revisions\/15301"}],"wp:featuredmedia":[{"embeddable":true,"href":"https:\/\/wgphoto.pl\/t\/index.php?rest_route=\/wp\/v2\/media\/15300"}],"wp:attachment":[{"href":"https:\/\/wgphoto.pl\/t\/index.php?rest_route=%2Fwp%2Fv2%2Fmedia&parent=15299"}],"wp:term":[{"taxonomy":"category","embeddable":true,"href":"https:\/\/wgphoto.pl\/t\/index.php?rest_route=%2Fwp%2Fv2%2Fcategories&post=15299"},{"taxonomy":"post_tag","embeddable":true,"href":"https:\/\/wgphoto.pl\/t\/index.php?rest_route=%2Fwp%2Fv2%2Ftags&post=15299"}],"curies":[{"name":"wp","href":"https:\/\/api.w.org\/{rel}","templated":true}]}}