{"id":15318,"date":"2025-03-29T17:16:19","date_gmt":"2025-03-29T16:16:19","guid":{"rendered":"https:\/\/wgphoto.pl\/t\/?p=15318"},"modified":"2025-03-29T17:16:19","modified_gmt":"2025-03-29T16:16:19","slug":"diesel-power-3","status":"publish","type":"post","link":"https:\/\/wgphoto.pl\/t\/?p=15318","title":{"rendered":"Diesel power"},"content":{"rendered":"\n<figure class=\"wp-block-image aligncenter size-full\"><img loading=\"lazy\" decoding=\"async\" width=\"1200\" height=\"803\" src=\"https:\/\/wgphoto.pl\/t\/wp-content\/uploads\/2025\/03\/IMGP4159.jpg\" alt=\"\" class=\"wp-image-15319\" srcset=\"https:\/\/wgphoto.pl\/t\/wp-content\/uploads\/2025\/03\/IMGP4159.jpg 1200w, https:\/\/wgphoto.pl\/t\/wp-content\/uploads\/2025\/03\/IMGP4159-300x201.jpg 300w, https:\/\/wgphoto.pl\/t\/wp-content\/uploads\/2025\/03\/IMGP4159-768x514.jpg 768w\" sizes=\"auto, (max-width: 1200px) 100vw, 1200px\" \/><\/figure>\n\n\n\n<div class=\"wp-block-group has-global-padding is-layout-constrained wp-block-group-is-layout-constrained\">\n<p>Standardowe uj\u0119cie z trzema semaforami na wyje\u017adzie z Wolsztyna. Lokomotywa spalinowa prowadzi poci\u0105g 77325 do Poznania w zast\u0119pstwie parowozu, ale zadymienie okolicy chyba w normie. \ud83d\ude09 13.06.2010<\/p>\n<\/div>\n","protected":false},"excerpt":{"rendered":"<p>Standardowe uj\u0119cie z trzema semaforami na wyje\u017adzie z Wolsztyna. Lokomotywa spalinowa prowadzi poci\u0105g 77325 do Poznania w zast\u0119pstwie parowozu, ale zadymienie okolicy chyba w normie. \ud83d\ude09 13.06.2010<\/p>\n","protected":false},"author":1,"featured_media":15319,"comment_status":"open","ping_status":"","sticky":false,"template":"","format":"standard","meta":{"footnotes":""},"categories":[2,86],"tags":[293,288,63,27,176,290,53,289,3580],"class_list":["post-15318","post","type-post","status-publish","format-standard","has-post-thumbnail","hentry","category-kolej","category-rok-2010","tag-2010-06-13","tag-bipa","tag-pkp","tag-polska","tag-rano","tag-su45","tag-sygnalizacja-ksztaltowa","tag-tab-pl332","tag-wolsztyn"],"_links":{"self":[{"href":"https:\/\/wgphoto.pl\/t\/index.php?rest_route=\/wp\/v2\/posts\/15318","targetHints":{"allow":["GET"]}}],"collection":[{"href":"https:\/\/wgphoto.pl\/t\/index.php?rest_route=\/wp\/v2\/posts"}],"about":[{"href":"https:\/\/wgphoto.pl\/t\/index.php?rest_route=\/wp\/v2\/types\/post"}],"author":[{"embeddable":true,"href":"https:\/\/wgphoto.pl\/t\/index.php?rest_route=\/wp\/v2\/users\/1"}],"replies":[{"embeddable":true,"href":"https:\/\/wgphoto.pl\/t\/index.php?rest_route=%2Fwp%2Fv2%2Fcomments&post=15318"}],"version-history":[{"count":1,"href":"https:\/\/wgphoto.pl\/t\/index.php?rest_route=\/wp\/v2\/posts\/15318\/revisions"}],"predecessor-version":[{"id":15320,"href":"https:\/\/wgphoto.pl\/t\/index.php?rest_route=\/wp\/v2\/posts\/15318\/revisions\/15320"}],"wp:featuredmedia":[{"embeddable":true,"href":"https:\/\/wgphoto.pl\/t\/index.php?rest_route=\/wp\/v2\/media\/15319"}],"wp:attachment":[{"href":"https:\/\/wgphoto.pl\/t\/index.php?rest_route=%2Fwp%2Fv2%2Fmedia&parent=15318"}],"wp:term":[{"taxonomy":"category","embeddable":true,"href":"https:\/\/wgphoto.pl\/t\/index.php?rest_route=%2Fwp%2Fv2%2Fcategories&post=15318"},{"taxonomy":"post_tag","embeddable":true,"href":"https:\/\/wgphoto.pl\/t\/index.php?rest_route=%2Fwp%2Fv2%2Ftags&post=15318"}],"curies":[{"name":"wp","href":"https:\/\/api.w.org\/{rel}","templated":true}]}}