{"id":15328,"date":"2025-04-03T18:51:46","date_gmt":"2025-04-03T16:51:46","guid":{"rendered":"https:\/\/wgphoto.pl\/t\/?p=15328"},"modified":"2025-04-03T18:51:46","modified_gmt":"2025-04-03T16:51:46","slug":"13-zitnjak","status":"publish","type":"post","link":"https:\/\/wgphoto.pl\/t\/?p=15328","title":{"rendered":"13 \u017ditnjak"},"content":{"rendered":"\n<figure class=\"wp-block-image aligncenter size-full\"><img loading=\"lazy\" decoding=\"async\" width=\"600\" height=\"906\" src=\"https:\/\/wgphoto.pl\/t\/wp-content\/uploads\/2025\/04\/IMGP1619.jpg\" alt=\"\" class=\"wp-image-15329\" srcset=\"https:\/\/wgphoto.pl\/t\/wp-content\/uploads\/2025\/04\/IMGP1619.jpg 600w, https:\/\/wgphoto.pl\/t\/wp-content\/uploads\/2025\/04\/IMGP1619-199x300.jpg 199w\" sizes=\"auto, (max-width: 600px) 100vw, 600px\" \/><\/figure>\n\n\n\n<div class=\"wp-block-group has-global-padding is-layout-constrained wp-block-group-is-layout-constrained\">\n<p>Zagrzeb, Savska cesta. Zgrabna bry\u0142a Tatry KT4 zawsze prezentuje si\u0119 korzystnie, na tle \u0142adnej, austrow\u0119gierskiej architektury &#8211; tym bardziej. 17.08.2015<\/p>\n<\/div>\n","protected":false},"excerpt":{"rendered":"<p>Zagrzeb, Savska cesta. Zgrabna bry\u0142a Tatry KT4 zawsze prezentuje si\u0119 korzystnie, na tle \u0142adnej, austrow\u0119gierskiej architektury &#8211; tym bardziej. 17.08.2015<\/p>\n","protected":false},"author":1,"featured_media":15329,"comment_status":"open","ping_status":"","sticky":false,"template":"","format":"standard","meta":{"footnotes":""},"categories":[128,104,3],"tags":[479,34,459,33,107,477,478],"class_list":["post-15328","post","type-post","status-publish","format-standard","has-post-thumbnail","hentry","category-pionowe","category-rok-2015","category-tramwaj","tag-2015-08-17","tag-architektura","tag-chorwacja","tag-tatra-kt4","tag-wakacje-2015","tag-zagrzeb","tag-zet-zagreb"],"_links":{"self":[{"href":"https:\/\/wgphoto.pl\/t\/index.php?rest_route=\/wp\/v2\/posts\/15328","targetHints":{"allow":["GET"]}}],"collection":[{"href":"https:\/\/wgphoto.pl\/t\/index.php?rest_route=\/wp\/v2\/posts"}],"about":[{"href":"https:\/\/wgphoto.pl\/t\/index.php?rest_route=\/wp\/v2\/types\/post"}],"author":[{"embeddable":true,"href":"https:\/\/wgphoto.pl\/t\/index.php?rest_route=\/wp\/v2\/users\/1"}],"replies":[{"embeddable":true,"href":"https:\/\/wgphoto.pl\/t\/index.php?rest_route=%2Fwp%2Fv2%2Fcomments&post=15328"}],"version-history":[{"count":1,"href":"https:\/\/wgphoto.pl\/t\/index.php?rest_route=\/wp\/v2\/posts\/15328\/revisions"}],"predecessor-version":[{"id":15330,"href":"https:\/\/wgphoto.pl\/t\/index.php?rest_route=\/wp\/v2\/posts\/15328\/revisions\/15330"}],"wp:featuredmedia":[{"embeddable":true,"href":"https:\/\/wgphoto.pl\/t\/index.php?rest_route=\/wp\/v2\/media\/15329"}],"wp:attachment":[{"href":"https:\/\/wgphoto.pl\/t\/index.php?rest_route=%2Fwp%2Fv2%2Fmedia&parent=15328"}],"wp:term":[{"taxonomy":"category","embeddable":true,"href":"https:\/\/wgphoto.pl\/t\/index.php?rest_route=%2Fwp%2Fv2%2Fcategories&post=15328"},{"taxonomy":"post_tag","embeddable":true,"href":"https:\/\/wgphoto.pl\/t\/index.php?rest_route=%2Fwp%2Fv2%2Ftags&post=15328"}],"curies":[{"name":"wp","href":"https:\/\/api.w.org\/{rel}","templated":true}]}}