{"id":15337,"date":"2025-04-03T18:54:28","date_gmt":"2025-04-03T16:54:28","guid":{"rendered":"https:\/\/wgphoto.pl\/t\/?p=15337"},"modified":"2025-04-03T18:54:28","modified_gmt":"2025-04-03T16:54:28","slug":"most-mladosti","status":"publish","type":"post","link":"https:\/\/wgphoto.pl\/t\/?p=15337","title":{"rendered":"Most mladosti"},"content":{"rendered":"\n<figure class=\"wp-block-image aligncenter size-full\"><img loading=\"lazy\" decoding=\"async\" width=\"1200\" height=\"795\" src=\"https:\/\/wgphoto.pl\/t\/wp-content\/uploads\/2025\/04\/IMGP1815.jpg\" alt=\"\" class=\"wp-image-15338\" srcset=\"https:\/\/wgphoto.pl\/t\/wp-content\/uploads\/2025\/04\/IMGP1815.jpg 1200w, https:\/\/wgphoto.pl\/t\/wp-content\/uploads\/2025\/04\/IMGP1815-300x199.jpg 300w, https:\/\/wgphoto.pl\/t\/wp-content\/uploads\/2025\/04\/IMGP1815-768x509.jpg 768w\" sizes=\"auto, (max-width: 1200px) 100vw, 1200px\" \/><\/figure>\n\n\n\n<div class=\"wp-block-group has-global-padding is-layout-constrained wp-block-group-is-layout-constrained\">\n<p>Crotram p\u0119dzi do po\u0142udniowej cz\u0119\u015bci miasta jednym z dw\u00f3ch most\u00f3w przez Saw\u0119 wykorzystywanych przez tramwaje. Przez ca\u0142y dzie\u0144 s\u0142o\u0144ce walczy\u0142o z chmurami i deszczem, daj\u0105c czasami takie fotogeniczne efekty. 17.08.2015<\/p>\n<\/div>\n","protected":false},"excerpt":{"rendered":"<p>Crotram p\u0119dzi do po\u0142udniowej cz\u0119\u015bci miasta jednym z dw\u00f3ch most\u00f3w przez Saw\u0119 wykorzystywanych przez tramwaje. Przez ca\u0142y dzie\u0144 s\u0142o\u0144ce walczy\u0142o z chmurami i deszczem, daj\u0105c czasami takie fotogeniczne efekty. 17.08.2015<\/p>\n","protected":false},"author":1,"featured_media":15338,"comment_status":"open","ping_status":"","sticky":false,"template":"","format":"standard","meta":{"footnotes":""},"categories":[104,3],"tags":[479,459,476,45,162,107,477,478],"class_list":["post-15337","post","type-post","status-publish","format-standard","has-post-thumbnail","hentry","category-rok-2015","category-tramwaj","tag-2015-08-17","tag-chorwacja","tag-crotram","tag-most","tag-niebo","tag-wakacje-2015","tag-zagrzeb","tag-zet-zagreb"],"_links":{"self":[{"href":"https:\/\/wgphoto.pl\/t\/index.php?rest_route=\/wp\/v2\/posts\/15337","targetHints":{"allow":["GET"]}}],"collection":[{"href":"https:\/\/wgphoto.pl\/t\/index.php?rest_route=\/wp\/v2\/posts"}],"about":[{"href":"https:\/\/wgphoto.pl\/t\/index.php?rest_route=\/wp\/v2\/types\/post"}],"author":[{"embeddable":true,"href":"https:\/\/wgphoto.pl\/t\/index.php?rest_route=\/wp\/v2\/users\/1"}],"replies":[{"embeddable":true,"href":"https:\/\/wgphoto.pl\/t\/index.php?rest_route=%2Fwp%2Fv2%2Fcomments&post=15337"}],"version-history":[{"count":1,"href":"https:\/\/wgphoto.pl\/t\/index.php?rest_route=\/wp\/v2\/posts\/15337\/revisions"}],"predecessor-version":[{"id":15339,"href":"https:\/\/wgphoto.pl\/t\/index.php?rest_route=\/wp\/v2\/posts\/15337\/revisions\/15339"}],"wp:featuredmedia":[{"embeddable":true,"href":"https:\/\/wgphoto.pl\/t\/index.php?rest_route=\/wp\/v2\/media\/15338"}],"wp:attachment":[{"href":"https:\/\/wgphoto.pl\/t\/index.php?rest_route=%2Fwp%2Fv2%2Fmedia&parent=15337"}],"wp:term":[{"taxonomy":"category","embeddable":true,"href":"https:\/\/wgphoto.pl\/t\/index.php?rest_route=%2Fwp%2Fv2%2Fcategories&post=15337"},{"taxonomy":"post_tag","embeddable":true,"href":"https:\/\/wgphoto.pl\/t\/index.php?rest_route=%2Fwp%2Fv2%2Ftags&post=15337"}],"curies":[{"name":"wp","href":"https:\/\/api.w.org\/{rel}","templated":true}]}}