{"id":15352,"date":"2025-04-03T18:59:20","date_gmt":"2025-04-03T16:59:20","guid":{"rendered":"https:\/\/wgphoto.pl\/t\/?p=15352"},"modified":"2025-04-03T18:59:20","modified_gmt":"2025-04-03T16:59:20","slug":"szafki-bagazowe","status":"publish","type":"post","link":"https:\/\/wgphoto.pl\/t\/?p=15352","title":{"rendered":"Szafki baga\u017cowe"},"content":{"rendered":"\n<figure class=\"wp-block-image aligncenter size-full\"><img loading=\"lazy\" decoding=\"async\" width=\"1200\" height=\"795\" src=\"https:\/\/wgphoto.pl\/t\/wp-content\/uploads\/2025\/04\/IMGP6299.jpg\" alt=\"\" class=\"wp-image-15353\" srcset=\"https:\/\/wgphoto.pl\/t\/wp-content\/uploads\/2025\/04\/IMGP6299.jpg 1200w, https:\/\/wgphoto.pl\/t\/wp-content\/uploads\/2025\/04\/IMGP6299-300x199.jpg 300w, https:\/\/wgphoto.pl\/t\/wp-content\/uploads\/2025\/04\/IMGP6299-768x509.jpg 768w\" sizes=\"auto, (max-width: 1200px) 100vw, 1200px\" \/><\/figure>\n\n\n\n<div class=\"wp-block-group has-global-padding is-layout-constrained wp-block-group-is-layout-constrained\">\n<p>Par\u0119 lat temu pojawi\u0142y si\u0119 tu jedyne dwa zdj\u0119cia taboru, jakie uda\u0142o mi si\u0119 zrobi\u0107 na najstarszej linii metra w Europie kontynentalnej, ale zosta\u0142o mi na dysku jeszcze kilka uj\u0119\u0107 samych stacji. Na pocz\u0105tek &#8211; boazeria wygl\u0105daj\u0105ca jak szafki baga\u017cowe na miar\u0119 ko\u0144ca XIX wieku. 22.06.2014<\/p>\n<\/div>\n","protected":false},"excerpt":{"rendered":"<p>Par\u0119 lat temu pojawi\u0142y si\u0119 tu jedyne dwa zdj\u0119cia taboru, jakie uda\u0142o mi si\u0119 zrobi\u0107 na najstarszej linii metra w Europie kontynentalnej, ale zosta\u0142o mi na dysku jeszcze kilka uj\u0119\u0107 samych stacji. Na pocz\u0105tek &#8211; boazeria wygl\u0105daj\u0105ca jak szafki baga\u017cowe na miar\u0119 ko\u0144ca XIX wieku. 22.06.2014<\/p>\n","protected":false},"author":1,"featured_media":15353,"comment_status":"open","ping_status":"","sticky":false,"template":"","format":"standard","meta":{"footnotes":""},"categories":[220,4,48],"tags":[222,2898,144,221,15,105],"class_list":["post-15352","post","type-post","status-publish","format-standard","has-post-thumbnail","hentry","category-blo","category-metro","category-rok-2014","tag-2014-06-22","tag-budapesti-metro","tag-budapeszt","tag-stacje-budapesztanskiego-metra","tag-tunel","tag-wegry"],"_links":{"self":[{"href":"https:\/\/wgphoto.pl\/t\/index.php?rest_route=\/wp\/v2\/posts\/15352","targetHints":{"allow":["GET"]}}],"collection":[{"href":"https:\/\/wgphoto.pl\/t\/index.php?rest_route=\/wp\/v2\/posts"}],"about":[{"href":"https:\/\/wgphoto.pl\/t\/index.php?rest_route=\/wp\/v2\/types\/post"}],"author":[{"embeddable":true,"href":"https:\/\/wgphoto.pl\/t\/index.php?rest_route=\/wp\/v2\/users\/1"}],"replies":[{"embeddable":true,"href":"https:\/\/wgphoto.pl\/t\/index.php?rest_route=%2Fwp%2Fv2%2Fcomments&post=15352"}],"version-history":[{"count":1,"href":"https:\/\/wgphoto.pl\/t\/index.php?rest_route=\/wp\/v2\/posts\/15352\/revisions"}],"predecessor-version":[{"id":15354,"href":"https:\/\/wgphoto.pl\/t\/index.php?rest_route=\/wp\/v2\/posts\/15352\/revisions\/15354"}],"wp:featuredmedia":[{"embeddable":true,"href":"https:\/\/wgphoto.pl\/t\/index.php?rest_route=\/wp\/v2\/media\/15353"}],"wp:attachment":[{"href":"https:\/\/wgphoto.pl\/t\/index.php?rest_route=%2Fwp%2Fv2%2Fmedia&parent=15352"}],"wp:term":[{"taxonomy":"category","embeddable":true,"href":"https:\/\/wgphoto.pl\/t\/index.php?rest_route=%2Fwp%2Fv2%2Fcategories&post=15352"},{"taxonomy":"post_tag","embeddable":true,"href":"https:\/\/wgphoto.pl\/t\/index.php?rest_route=%2Fwp%2Fv2%2Ftags&post=15352"}],"curies":[{"name":"wp","href":"https:\/\/api.w.org\/{rel}","templated":true}]}}