{"id":15361,"date":"2025-04-03T19:01:52","date_gmt":"2025-04-03T17:01:52","guid":{"rendered":"https:\/\/wgphoto.pl\/t\/?p=15361"},"modified":"2025-04-03T19:01:52","modified_gmt":"2025-04-03T17:01:52","slug":"tramwaj-wiejski-2","status":"publish","type":"post","link":"https:\/\/wgphoto.pl\/t\/?p=15361","title":{"rendered":"Tramwaj wiejski"},"content":{"rendered":"\n<figure class=\"wp-block-image aligncenter size-full\"><img loading=\"lazy\" decoding=\"async\" width=\"1200\" height=\"800\" src=\"https:\/\/wgphoto.pl\/t\/wp-content\/uploads\/2025\/04\/0524-02.jpg\" alt=\"\" class=\"wp-image-15362\" srcset=\"https:\/\/wgphoto.pl\/t\/wp-content\/uploads\/2025\/04\/0524-02.jpg 1200w, https:\/\/wgphoto.pl\/t\/wp-content\/uploads\/2025\/04\/0524-02-300x200.jpg 300w, https:\/\/wgphoto.pl\/t\/wp-content\/uploads\/2025\/04\/0524-02-768x512.jpg 768w\" sizes=\"auto, (max-width: 1200px) 100vw, 1200px\" \/><\/figure>\n\n\n\n<div class=\"wp-block-group has-global-padding is-layout-constrained wp-block-group-is-layout-constrained\">\n<p>Ulica Przyja\u017ani we Wroc\u0142awiu jest rejonem w s\u0105siedztwie linii tramwajowej, kt\u00f3ry na przestrzeni ostatnich lat zmieni\u0142 si\u0119 chyba najbardziej. Metamorfozy polegaj\u0105ce na zabudowie pustych dotychczas teren\u00f3w s\u0105 oczywi\u015bcie widoczne ale nie tak spektakularne jak wyburzenie starej zabudowy aby zrobi\u0107 miejsce dla nowej &#8211; a w\u0142a\u015bnie taki scenariusz si\u0119 tutaj rozegra\u0142. 26.08.2005<\/p>\n<\/div>\n","protected":false},"excerpt":{"rendered":"<p>Ulica Przyja\u017ani we Wroc\u0142awiu jest rejonem w s\u0105siedztwie linii tramwajowej, kt\u00f3ry na przestrzeni ostatnich lat zmieni\u0142 si\u0119 chyba najbardziej. Metamorfozy polegaj\u0105ce na zabudowie pustych dotychczas teren\u00f3w s\u0105 oczywi\u015bcie widoczne ale nie tak spektakularne jak wyburzenie starej zabudowy aby zrobi\u0107 miejsce dla nowej &#8211; a w\u0142a\u015bnie taki scenariusz si\u0119 tutaj rozegra\u0142. 26.08.2005<\/p>\n","protected":false},"author":1,"featured_media":15362,"comment_status":"open","ping_status":"","sticky":false,"template":"","format":"standard","meta":{"footnotes":""},"categories":[62,311,3],"tags":[155,3584,42,27,41],"class_list":["post-15361","post","type-post","status-publish","format-standard","has-post-thumbnail","hentry","category-analog","category-rok-2005","category-tramwaj","tag-105na","tag-2005-08-26","tag-mpk-wroclaw","tag-polska","tag-wroclaw"],"_links":{"self":[{"href":"https:\/\/wgphoto.pl\/t\/index.php?rest_route=\/wp\/v2\/posts\/15361","targetHints":{"allow":["GET"]}}],"collection":[{"href":"https:\/\/wgphoto.pl\/t\/index.php?rest_route=\/wp\/v2\/posts"}],"about":[{"href":"https:\/\/wgphoto.pl\/t\/index.php?rest_route=\/wp\/v2\/types\/post"}],"author":[{"embeddable":true,"href":"https:\/\/wgphoto.pl\/t\/index.php?rest_route=\/wp\/v2\/users\/1"}],"replies":[{"embeddable":true,"href":"https:\/\/wgphoto.pl\/t\/index.php?rest_route=%2Fwp%2Fv2%2Fcomments&post=15361"}],"version-history":[{"count":1,"href":"https:\/\/wgphoto.pl\/t\/index.php?rest_route=\/wp\/v2\/posts\/15361\/revisions"}],"predecessor-version":[{"id":15363,"href":"https:\/\/wgphoto.pl\/t\/index.php?rest_route=\/wp\/v2\/posts\/15361\/revisions\/15363"}],"wp:featuredmedia":[{"embeddable":true,"href":"https:\/\/wgphoto.pl\/t\/index.php?rest_route=\/wp\/v2\/media\/15362"}],"wp:attachment":[{"href":"https:\/\/wgphoto.pl\/t\/index.php?rest_route=%2Fwp%2Fv2%2Fmedia&parent=15361"}],"wp:term":[{"taxonomy":"category","embeddable":true,"href":"https:\/\/wgphoto.pl\/t\/index.php?rest_route=%2Fwp%2Fv2%2Fcategories&post=15361"},{"taxonomy":"post_tag","embeddable":true,"href":"https:\/\/wgphoto.pl\/t\/index.php?rest_route=%2Fwp%2Fv2%2Ftags&post=15361"}],"curies":[{"name":"wp","href":"https:\/\/api.w.org\/{rel}","templated":true}]}}