{"id":15373,"date":"2025-04-03T19:06:42","date_gmt":"2025-04-03T17:06:42","guid":{"rendered":"https:\/\/wgphoto.pl\/t\/?p=15373"},"modified":"2025-04-03T19:06:42","modified_gmt":"2025-04-03T17:06:42","slug":"78-minut","status":"publish","type":"post","link":"https:\/\/wgphoto.pl\/t\/?p=15373","title":{"rendered":"78 minut"},"content":{"rendered":"\n<figure class=\"wp-block-image aligncenter size-full\"><img loading=\"lazy\" decoding=\"async\" width=\"1200\" height=\"795\" src=\"https:\/\/wgphoto.pl\/t\/wp-content\/uploads\/2025\/04\/IMGP1851.jpg\" alt=\"\" class=\"wp-image-15374\" srcset=\"https:\/\/wgphoto.pl\/t\/wp-content\/uploads\/2025\/04\/IMGP1851.jpg 1200w, https:\/\/wgphoto.pl\/t\/wp-content\/uploads\/2025\/04\/IMGP1851-300x199.jpg 300w, https:\/\/wgphoto.pl\/t\/wp-content\/uploads\/2025\/04\/IMGP1851-768x509.jpg 768w\" sizes=\"auto, (max-width: 1200px) 100vw, 1200px\" \/><\/figure>\n\n\n\n<div class=\"wp-block-group has-global-padding is-layout-constrained wp-block-group-is-layout-constrained\">\n<p>Nawet na nudnej p\u0119tli mo\u017cna zrobi\u0107 ca\u0142kiem surrealistyczne zdj\u0119cie i nie potrzeba na to wcale tytu\u0142owych 78 minut, chocia\u017c tyle akurat trwa\u0142 m\u00f3j post\u00f3j w oczekiwaniu na zako\u0144czenie maratonu biegn\u0105cego ulicami Wroc\u0142awia i mo\u017cliwo\u015b\u0107 zjazdu do zajezdni. 17.06.2017<\/p>\n<\/div>\n","protected":false},"excerpt":{"rendered":"<p>Nawet na nudnej p\u0119tli mo\u017cna zrobi\u0107 ca\u0142kiem surrealistyczne zdj\u0119cie i nie potrzeba na to wcale tytu\u0142owych 78 minut, chocia\u017c tyle akurat trwa\u0142 m\u00f3j post\u00f3j w oczekiwaniu na zako\u0144czenie maratonu biegn\u0105cego ulicami Wroc\u0142awia i mo\u017cliwo\u015b\u0107 zjazdu do zajezdni. 17.06.2017<\/p>\n","protected":false},"author":1,"featured_media":15374,"comment_status":"open","ping_status":"","sticky":false,"template":"","format":"standard","meta":{"footnotes":""},"categories":[368,3],"tags":[43,3587,42,154,27,439,41],"class_list":["post-15373","post","type-post","status-publish","format-standard","has-post-thumbnail","hentry","category-rok-2017","category-tramwaj","tag-105nwr","tag-2017-06-17","tag-mpk-wroclaw","tag-noc","tag-polska","tag-we-fabryce","tag-wroclaw"],"_links":{"self":[{"href":"https:\/\/wgphoto.pl\/t\/index.php?rest_route=\/wp\/v2\/posts\/15373","targetHints":{"allow":["GET"]}}],"collection":[{"href":"https:\/\/wgphoto.pl\/t\/index.php?rest_route=\/wp\/v2\/posts"}],"about":[{"href":"https:\/\/wgphoto.pl\/t\/index.php?rest_route=\/wp\/v2\/types\/post"}],"author":[{"embeddable":true,"href":"https:\/\/wgphoto.pl\/t\/index.php?rest_route=\/wp\/v2\/users\/1"}],"replies":[{"embeddable":true,"href":"https:\/\/wgphoto.pl\/t\/index.php?rest_route=%2Fwp%2Fv2%2Fcomments&post=15373"}],"version-history":[{"count":1,"href":"https:\/\/wgphoto.pl\/t\/index.php?rest_route=\/wp\/v2\/posts\/15373\/revisions"}],"predecessor-version":[{"id":15375,"href":"https:\/\/wgphoto.pl\/t\/index.php?rest_route=\/wp\/v2\/posts\/15373\/revisions\/15375"}],"wp:featuredmedia":[{"embeddable":true,"href":"https:\/\/wgphoto.pl\/t\/index.php?rest_route=\/wp\/v2\/media\/15374"}],"wp:attachment":[{"href":"https:\/\/wgphoto.pl\/t\/index.php?rest_route=%2Fwp%2Fv2%2Fmedia&parent=15373"}],"wp:term":[{"taxonomy":"category","embeddable":true,"href":"https:\/\/wgphoto.pl\/t\/index.php?rest_route=%2Fwp%2Fv2%2Fcategories&post=15373"},{"taxonomy":"post_tag","embeddable":true,"href":"https:\/\/wgphoto.pl\/t\/index.php?rest_route=%2Fwp%2Fv2%2Ftags&post=15373"}],"curies":[{"name":"wp","href":"https:\/\/api.w.org\/{rel}","templated":true}]}}