{"id":15376,"date":"2025-04-04T16:49:12","date_gmt":"2025-04-04T14:49:12","guid":{"rendered":"https:\/\/wgphoto.pl\/t\/?p=15376"},"modified":"2025-04-04T16:49:12","modified_gmt":"2025-04-04T14:49:12","slug":"ep09-006","status":"publish","type":"post","link":"https:\/\/wgphoto.pl\/t\/?p=15376","title":{"rendered":"EP09-006"},"content":{"rendered":"\n<figure class=\"wp-block-image aligncenter size-full\"><img loading=\"lazy\" decoding=\"async\" width=\"1400\" height=\"892\" src=\"https:\/\/wgphoto.pl\/t\/wp-content\/uploads\/2025\/04\/0309-01_rsn.jpg\" alt=\"\" class=\"wp-image-15377\" srcset=\"https:\/\/wgphoto.pl\/t\/wp-content\/uploads\/2025\/04\/0309-01_rsn.jpg 1400w, https:\/\/wgphoto.pl\/t\/wp-content\/uploads\/2025\/04\/0309-01_rsn-300x191.jpg 300w, https:\/\/wgphoto.pl\/t\/wp-content\/uploads\/2025\/04\/0309-01_rsn-768x489.jpg 768w\" sizes=\"auto, (max-width: 1400px) 100vw, 1400px\" \/><\/figure>\n\n\n\n<div class=\"wp-block-group has-global-padding is-layout-constrained wp-block-group-is-layout-constrained\">\n<p>EP09-006 z poci\u0105giem 2600 IC &#8222;Bystrzyca&#8221; z Lublina do Wroc\u0142awia G\u0142. chwil\u0119 po mini\u0119ciu p.o. Wroc\u0142aw \u015awiniary. Nazwa tego poci\u0105gu by\u0142a o tyle szczeg\u00f3lna w skali chyba ca\u0142ej sieci PKP, \u017ce pasowa\u0142a do obu stacji ko\u0144cowych. 03.04.2003<\/p>\n<\/div>\n","protected":false},"excerpt":{"rendered":"<p>EP09-006 z poci\u0105giem 2600 IC &#8222;Bystrzyca&#8221; z Lublina do Wroc\u0142awia G\u0142. chwil\u0119 po mini\u0119ciu p.o. Wroc\u0142aw \u015awiniary. Nazwa tego poci\u0105gu by\u0142a o tyle szczeg\u00f3lna w skali chyba ca\u0142ej sieci PKP, \u017ce pasowa\u0142a do obu stacji ko\u0144cowych. 03.04.2003<\/p>\n","protected":false},"author":1,"featured_media":15377,"comment_status":"open","ping_status":"","sticky":false,"template":"","format":"standard","meta":{"footnotes":""},"categories":[62,2,149],"tags":[3588,2461,63,27,190,41,843],"class_list":["post-15376","post","type-post","status-publish","format-standard","has-post-thumbnail","hentry","category-analog","category-kolej","category-rok-2003","tag-2003-04-03","tag-ep09","tag-pkp","tag-polska","tag-tab-pl330","tag-wroclaw","tag-wroclaw-swiniary"],"_links":{"self":[{"href":"https:\/\/wgphoto.pl\/t\/index.php?rest_route=\/wp\/v2\/posts\/15376","targetHints":{"allow":["GET"]}}],"collection":[{"href":"https:\/\/wgphoto.pl\/t\/index.php?rest_route=\/wp\/v2\/posts"}],"about":[{"href":"https:\/\/wgphoto.pl\/t\/index.php?rest_route=\/wp\/v2\/types\/post"}],"author":[{"embeddable":true,"href":"https:\/\/wgphoto.pl\/t\/index.php?rest_route=\/wp\/v2\/users\/1"}],"replies":[{"embeddable":true,"href":"https:\/\/wgphoto.pl\/t\/index.php?rest_route=%2Fwp%2Fv2%2Fcomments&post=15376"}],"version-history":[{"count":1,"href":"https:\/\/wgphoto.pl\/t\/index.php?rest_route=\/wp\/v2\/posts\/15376\/revisions"}],"predecessor-version":[{"id":15378,"href":"https:\/\/wgphoto.pl\/t\/index.php?rest_route=\/wp\/v2\/posts\/15376\/revisions\/15378"}],"wp:featuredmedia":[{"embeddable":true,"href":"https:\/\/wgphoto.pl\/t\/index.php?rest_route=\/wp\/v2\/media\/15377"}],"wp:attachment":[{"href":"https:\/\/wgphoto.pl\/t\/index.php?rest_route=%2Fwp%2Fv2%2Fmedia&parent=15376"}],"wp:term":[{"taxonomy":"category","embeddable":true,"href":"https:\/\/wgphoto.pl\/t\/index.php?rest_route=%2Fwp%2Fv2%2Fcategories&post=15376"},{"taxonomy":"post_tag","embeddable":true,"href":"https:\/\/wgphoto.pl\/t\/index.php?rest_route=%2Fwp%2Fv2%2Ftags&post=15376"}],"curies":[{"name":"wp","href":"https:\/\/api.w.org\/{rel}","templated":true}]}}