{"id":15379,"date":"2025-04-04T16:50:26","date_gmt":"2025-04-04T14:50:26","guid":{"rendered":"https:\/\/wgphoto.pl\/t\/?p=15379"},"modified":"2025-04-04T16:50:26","modified_gmt":"2025-04-04T14:50:26","slug":"tramwaj-polny-2","status":"publish","type":"post","link":"https:\/\/wgphoto.pl\/t\/?p=15379","title":{"rendered":"Tramwaj polny"},"content":{"rendered":"\n<figure class=\"wp-block-image aligncenter size-full\"><img loading=\"lazy\" decoding=\"async\" width=\"1400\" height=\"927\" src=\"https:\/\/wgphoto.pl\/t\/wp-content\/uploads\/2025\/04\/0309-04_rsn.jpg\" alt=\"\" class=\"wp-image-15380\" srcset=\"https:\/\/wgphoto.pl\/t\/wp-content\/uploads\/2025\/04\/0309-04_rsn.jpg 1400w, https:\/\/wgphoto.pl\/t\/wp-content\/uploads\/2025\/04\/0309-04_rsn-300x199.jpg 300w, https:\/\/wgphoto.pl\/t\/wp-content\/uploads\/2025\/04\/0309-04_rsn-768x509.jpg 768w\" sizes=\"auto, (max-width: 1400px) 100vw, 1400px\" \/><\/figure>\n\n\n\n<div class=\"wp-block-group has-global-padding is-layout-constrained wp-block-group-is-layout-constrained\">\n<p>Wroc\u0142aw, ul. Kosmonaut\u00f3w, 105Na 2440+2439. Ciekawostk\u0105 tramwaju jest czerwony pantograf firmy Stemmann, kt\u00f3ry by\u0142 egzemplarzem testowym i nast\u0119pnie przez wiele lat by\u0142 montowany przez Protram do wagon\u00f3w 105NWr oraz 204- i 205WrAs. 05.04.2003<\/p>\n<\/div>\n","protected":false},"excerpt":{"rendered":"<p>Wroc\u0142aw, ul. Kosmonaut\u00f3w, 105Na 2440+2439. Ciekawostk\u0105 tramwaju jest czerwony pantograf firmy Stemmann, kt\u00f3ry by\u0142 egzemplarzem testowym i nast\u0119pnie przez wiele lat by\u0142 montowany przez Protram do wagon\u00f3w 105NWr oraz 204- i 205WrAs. 05.04.2003<\/p>\n","protected":false},"author":1,"featured_media":15380,"comment_status":"open","ping_status":"","sticky":false,"template":"","format":"standard","meta":{"footnotes":""},"categories":[62,149,3],"tags":[155,3589,42,27,41],"class_list":["post-15379","post","type-post","status-publish","format-standard","has-post-thumbnail","hentry","category-analog","category-rok-2003","category-tramwaj","tag-105na","tag-2003-04-05","tag-mpk-wroclaw","tag-polska","tag-wroclaw"],"_links":{"self":[{"href":"https:\/\/wgphoto.pl\/t\/index.php?rest_route=\/wp\/v2\/posts\/15379","targetHints":{"allow":["GET"]}}],"collection":[{"href":"https:\/\/wgphoto.pl\/t\/index.php?rest_route=\/wp\/v2\/posts"}],"about":[{"href":"https:\/\/wgphoto.pl\/t\/index.php?rest_route=\/wp\/v2\/types\/post"}],"author":[{"embeddable":true,"href":"https:\/\/wgphoto.pl\/t\/index.php?rest_route=\/wp\/v2\/users\/1"}],"replies":[{"embeddable":true,"href":"https:\/\/wgphoto.pl\/t\/index.php?rest_route=%2Fwp%2Fv2%2Fcomments&post=15379"}],"version-history":[{"count":1,"href":"https:\/\/wgphoto.pl\/t\/index.php?rest_route=\/wp\/v2\/posts\/15379\/revisions"}],"predecessor-version":[{"id":15381,"href":"https:\/\/wgphoto.pl\/t\/index.php?rest_route=\/wp\/v2\/posts\/15379\/revisions\/15381"}],"wp:featuredmedia":[{"embeddable":true,"href":"https:\/\/wgphoto.pl\/t\/index.php?rest_route=\/wp\/v2\/media\/15380"}],"wp:attachment":[{"href":"https:\/\/wgphoto.pl\/t\/index.php?rest_route=%2Fwp%2Fv2%2Fmedia&parent=15379"}],"wp:term":[{"taxonomy":"category","embeddable":true,"href":"https:\/\/wgphoto.pl\/t\/index.php?rest_route=%2Fwp%2Fv2%2Fcategories&post=15379"},{"taxonomy":"post_tag","embeddable":true,"href":"https:\/\/wgphoto.pl\/t\/index.php?rest_route=%2Fwp%2Fv2%2Ftags&post=15379"}],"curies":[{"name":"wp","href":"https:\/\/api.w.org\/{rel}","templated":true}]}}