{"id":15382,"date":"2025-04-04T17:48:20","date_gmt":"2025-04-04T15:48:20","guid":{"rendered":"https:\/\/wgphoto.pl\/t\/?p=15382"},"modified":"2025-04-04T17:48:20","modified_gmt":"2025-04-04T15:48:20","slug":"citadis-compact","status":"publish","type":"post","link":"https:\/\/wgphoto.pl\/t\/?p=15382","title":{"rendered":"Citadis Compact"},"content":{"rendered":"\n<figure class=\"wp-block-image aligncenter size-full\"><img loading=\"lazy\" decoding=\"async\" width=\"1400\" height=\"927\" src=\"https:\/\/wgphoto.pl\/t\/wp-content\/uploads\/2025\/04\/IMGP0942.jpg\" alt=\"\" class=\"wp-image-15383\" srcset=\"https:\/\/wgphoto.pl\/t\/wp-content\/uploads\/2025\/04\/IMGP0942.jpg 1400w, https:\/\/wgphoto.pl\/t\/wp-content\/uploads\/2025\/04\/IMGP0942-300x199.jpg 300w, https:\/\/wgphoto.pl\/t\/wp-content\/uploads\/2025\/04\/IMGP0942-768x509.jpg 768w\" sizes=\"auto, (max-width: 1400px) 100vw, 1400px\" \/><\/figure>\n\n\n\n<div class=\"wp-block-group has-global-padding is-layout-constrained wp-block-group-is-layout-constrained\">\n<p>Aubagne, Avenue des Goums. Kompaktowy Citadis jedzie w kierunku dworca. W mie\u015bcie funkcjonuje jedna linia tramwajowa licz\u0105ca 6 przystank\u00f3w. Pokonanie ca\u0142ej trasy zajmuje 9 minut, do ruchu wystawiane s\u0105 trzy brygady, do obs\u0142ugi kt\u00f3rych przewo\u017anik posiada osiem wagon\u00f3w. Przejazd jest bezp\u0142atny. Obecnie trwa rozbudowa trasy o 14-kilometrowy podmiejski odcinek, poprowadzony \u015bladem dawnej linii kolejowej. 17.02.2025<\/p>\n<\/div>\n","protected":false},"excerpt":{"rendered":"<p>Aubagne, Avenue des Goums. Kompaktowy Citadis jedzie w kierunku dworca. W mie\u015bcie funkcjonuje jedna linia tramwajowa licz\u0105ca 6 przystank\u00f3w. Pokonanie ca\u0142ej trasy zajmuje 9 minut, do ruchu wystawiane s\u0105 trzy brygady, do obs\u0142ugi kt\u00f3rych przewo\u017anik posiada osiem wagon\u00f3w. Przejazd jest bezp\u0142atny. Obecnie trwa rozbudowa trasy o 14-kilometrowy podmiejski odcinek, poprowadzony \u015bladem dawnej linii kolejowej. 17.02.2025<\/p>\n","protected":false},"author":1,"featured_media":15383,"comment_status":"open","ping_status":"","sticky":false,"template":"","format":"standard","meta":{"footnotes":""},"categories":[3208,3],"tags":[3383,3590,3384,3591,415],"class_list":["post-15382","post","type-post","status-publish","format-standard","has-post-thumbnail","hentry","category-rok-2025","category-tramwaj","tag-2025-02-17","tag-alstom-citadis-compact","tag-aubagne","tag-cote-bleue-2025","tag-francja"],"_links":{"self":[{"href":"https:\/\/wgphoto.pl\/t\/index.php?rest_route=\/wp\/v2\/posts\/15382","targetHints":{"allow":["GET"]}}],"collection":[{"href":"https:\/\/wgphoto.pl\/t\/index.php?rest_route=\/wp\/v2\/posts"}],"about":[{"href":"https:\/\/wgphoto.pl\/t\/index.php?rest_route=\/wp\/v2\/types\/post"}],"author":[{"embeddable":true,"href":"https:\/\/wgphoto.pl\/t\/index.php?rest_route=\/wp\/v2\/users\/1"}],"replies":[{"embeddable":true,"href":"https:\/\/wgphoto.pl\/t\/index.php?rest_route=%2Fwp%2Fv2%2Fcomments&post=15382"}],"version-history":[{"count":1,"href":"https:\/\/wgphoto.pl\/t\/index.php?rest_route=\/wp\/v2\/posts\/15382\/revisions"}],"predecessor-version":[{"id":15384,"href":"https:\/\/wgphoto.pl\/t\/index.php?rest_route=\/wp\/v2\/posts\/15382\/revisions\/15384"}],"wp:featuredmedia":[{"embeddable":true,"href":"https:\/\/wgphoto.pl\/t\/index.php?rest_route=\/wp\/v2\/media\/15383"}],"wp:attachment":[{"href":"https:\/\/wgphoto.pl\/t\/index.php?rest_route=%2Fwp%2Fv2%2Fmedia&parent=15382"}],"wp:term":[{"taxonomy":"category","embeddable":true,"href":"https:\/\/wgphoto.pl\/t\/index.php?rest_route=%2Fwp%2Fv2%2Fcategories&post=15382"},{"taxonomy":"post_tag","embeddable":true,"href":"https:\/\/wgphoto.pl\/t\/index.php?rest_route=%2Fwp%2Fv2%2Ftags&post=15382"}],"curies":[{"name":"wp","href":"https:\/\/api.w.org\/{rel}","templated":true}]}}