{"id":15385,"date":"2025-04-04T17:49:42","date_gmt":"2025-04-04T15:49:42","guid":{"rendered":"https:\/\/wgphoto.pl\/t\/?p=15385"},"modified":"2025-04-04T17:49:42","modified_gmt":"2025-04-04T15:49:42","slug":"slupoza-3","status":"publish","type":"post","link":"https:\/\/wgphoto.pl\/t\/?p=15385","title":{"rendered":"S\u0142upoza"},"content":{"rendered":"\n<figure class=\"wp-block-image aligncenter size-full\"><img loading=\"lazy\" decoding=\"async\" width=\"1400\" height=\"927\" src=\"https:\/\/wgphoto.pl\/t\/wp-content\/uploads\/2025\/04\/IMGP0912.jpg\" alt=\"\" class=\"wp-image-15386\" srcset=\"https:\/\/wgphoto.pl\/t\/wp-content\/uploads\/2025\/04\/IMGP0912.jpg 1400w, https:\/\/wgphoto.pl\/t\/wp-content\/uploads\/2025\/04\/IMGP0912-300x199.jpg 300w, https:\/\/wgphoto.pl\/t\/wp-content\/uploads\/2025\/04\/IMGP0912-768x509.jpg 768w\" sizes=\"auto, (max-width: 1400px) 100vw, 1400px\" \/><\/figure>\n\n\n\n<div class=\"wp-block-group has-global-padding is-layout-constrained wp-block-group-is-layout-constrained\">\n<p>Kr\u00f3tki Citadis wje\u017cd\u017ca na niepodpisan\u0105 na mapie ulic\u0119 w rejonie przystanku Piscine w Aubagne. Jak to we Francji, tramwaj ma pe\u0142en priorytet, ale z poczynionych obserwacji wynika, \u017ce program sygnalizacji nie radzi sobie z dwoma tramwajami z obu kierunk\u00f3w naraz &#8211; wtedy jeden zalicza st\u00f3jk\u0119 pod sygnalizatorem. 17.02.2025<\/p>\n<\/div>\n","protected":false},"excerpt":{"rendered":"<p>Kr\u00f3tki Citadis wje\u017cd\u017ca na niepodpisan\u0105 na mapie ulic\u0119 w rejonie przystanku Piscine w Aubagne. Jak to we Francji, tramwaj ma pe\u0142en priorytet, ale z poczynionych obserwacji wynika, \u017ce program sygnalizacji nie radzi sobie z dwoma tramwajami z obu kierunk\u00f3w naraz &#8211; wtedy jeden zalicza st\u00f3jk\u0119 pod sygnalizatorem. 17.02.2025<\/p>\n","protected":false},"author":1,"featured_media":15386,"comment_status":"open","ping_status":"","sticky":false,"template":"","format":"standard","meta":{"footnotes":""},"categories":[3208,3],"tags":[3383,3590,3384,3591,415],"class_list":["post-15385","post","type-post","status-publish","format-standard","has-post-thumbnail","hentry","category-rok-2025","category-tramwaj","tag-2025-02-17","tag-alstom-citadis-compact","tag-aubagne","tag-cote-bleue-2025","tag-francja"],"_links":{"self":[{"href":"https:\/\/wgphoto.pl\/t\/index.php?rest_route=\/wp\/v2\/posts\/15385","targetHints":{"allow":["GET"]}}],"collection":[{"href":"https:\/\/wgphoto.pl\/t\/index.php?rest_route=\/wp\/v2\/posts"}],"about":[{"href":"https:\/\/wgphoto.pl\/t\/index.php?rest_route=\/wp\/v2\/types\/post"}],"author":[{"embeddable":true,"href":"https:\/\/wgphoto.pl\/t\/index.php?rest_route=\/wp\/v2\/users\/1"}],"replies":[{"embeddable":true,"href":"https:\/\/wgphoto.pl\/t\/index.php?rest_route=%2Fwp%2Fv2%2Fcomments&post=15385"}],"version-history":[{"count":1,"href":"https:\/\/wgphoto.pl\/t\/index.php?rest_route=\/wp\/v2\/posts\/15385\/revisions"}],"predecessor-version":[{"id":15387,"href":"https:\/\/wgphoto.pl\/t\/index.php?rest_route=\/wp\/v2\/posts\/15385\/revisions\/15387"}],"wp:featuredmedia":[{"embeddable":true,"href":"https:\/\/wgphoto.pl\/t\/index.php?rest_route=\/wp\/v2\/media\/15386"}],"wp:attachment":[{"href":"https:\/\/wgphoto.pl\/t\/index.php?rest_route=%2Fwp%2Fv2%2Fmedia&parent=15385"}],"wp:term":[{"taxonomy":"category","embeddable":true,"href":"https:\/\/wgphoto.pl\/t\/index.php?rest_route=%2Fwp%2Fv2%2Fcategories&post=15385"},{"taxonomy":"post_tag","embeddable":true,"href":"https:\/\/wgphoto.pl\/t\/index.php?rest_route=%2Fwp%2Fv2%2Ftags&post=15385"}],"curies":[{"name":"wp","href":"https:\/\/api.w.org\/{rel}","templated":true}]}}