{"id":15388,"date":"2025-04-05T11:41:39","date_gmt":"2025-04-05T09:41:39","guid":{"rendered":"https:\/\/wgphoto.pl\/t\/?p=15388"},"modified":"2025-04-05T11:41:39","modified_gmt":"2025-04-05T09:41:39","slug":"ostatni-liniowy-po-raz-kolejny","status":"publish","type":"post","link":"https:\/\/wgphoto.pl\/t\/?p=15388","title":{"rendered":"Ostatni liniowy po raz kolejny"},"content":{"rendered":"\n<figure class=\"wp-block-image aligncenter size-full\"><img loading=\"lazy\" decoding=\"async\" width=\"1400\" height=\"927\" src=\"https:\/\/wgphoto.pl\/t\/wp-content\/uploads\/2025\/04\/IMGP3886.jpg\" alt=\"\" class=\"wp-image-15389\" srcset=\"https:\/\/wgphoto.pl\/t\/wp-content\/uploads\/2025\/04\/IMGP3886.jpg 1400w, https:\/\/wgphoto.pl\/t\/wp-content\/uploads\/2025\/04\/IMGP3886-300x199.jpg 300w, https:\/\/wgphoto.pl\/t\/wp-content\/uploads\/2025\/04\/IMGP3886-768x509.jpg 768w\" sizes=\"auto, (max-width: 1400px) 100vw, 1400px\" \/><\/figure>\n\n\n\n<div class=\"wp-block-group has-global-padding is-layout-constrained wp-block-group-is-layout-constrained\">\n<p>Wroc\u0142aw, zajezdnia D\u0105bie. 105NWr 2434+2433 jako ostatnia liniowa brygada za chwil\u0119 wyjedzie z macierzystego zak\u0142adu na popo\u0142udniowy szczyt. Nast\u0119pnego dnia zajezdnia b\u0119dzie ju\u017c nieczynna. 04.04.2014<\/p>\n<\/div>\n","protected":false},"excerpt":{"rendered":"<p>Wroc\u0142aw, zajezdnia D\u0105bie. 105NWr 2434+2433 jako ostatnia liniowa brygada za chwil\u0119 wyjedzie z macierzystego zak\u0142adu na popo\u0142udniowy szczyt. Nast\u0119pnego dnia zajezdnia b\u0119dzie ju\u017c nieczynna. 04.04.2014<\/p>\n","protected":false},"author":1,"featured_media":15389,"comment_status":"open","ping_status":"","sticky":false,"template":"","format":"standard","meta":{"footnotes":""},"categories":[48,3],"tags":[43,437,42,27,41,138],"class_list":["post-15388","post","type-post","status-publish","format-standard","has-post-thumbnail","hentry","category-rok-2014","category-tramwaj","tag-105nwr","tag-2014-04-04","tag-mpk-wroclaw","tag-polska","tag-wroclaw","tag-zajezdnia"],"_links":{"self":[{"href":"https:\/\/wgphoto.pl\/t\/index.php?rest_route=\/wp\/v2\/posts\/15388","targetHints":{"allow":["GET"]}}],"collection":[{"href":"https:\/\/wgphoto.pl\/t\/index.php?rest_route=\/wp\/v2\/posts"}],"about":[{"href":"https:\/\/wgphoto.pl\/t\/index.php?rest_route=\/wp\/v2\/types\/post"}],"author":[{"embeddable":true,"href":"https:\/\/wgphoto.pl\/t\/index.php?rest_route=\/wp\/v2\/users\/1"}],"replies":[{"embeddable":true,"href":"https:\/\/wgphoto.pl\/t\/index.php?rest_route=%2Fwp%2Fv2%2Fcomments&post=15388"}],"version-history":[{"count":1,"href":"https:\/\/wgphoto.pl\/t\/index.php?rest_route=\/wp\/v2\/posts\/15388\/revisions"}],"predecessor-version":[{"id":15390,"href":"https:\/\/wgphoto.pl\/t\/index.php?rest_route=\/wp\/v2\/posts\/15388\/revisions\/15390"}],"wp:featuredmedia":[{"embeddable":true,"href":"https:\/\/wgphoto.pl\/t\/index.php?rest_route=\/wp\/v2\/media\/15389"}],"wp:attachment":[{"href":"https:\/\/wgphoto.pl\/t\/index.php?rest_route=%2Fwp%2Fv2%2Fmedia&parent=15388"}],"wp:term":[{"taxonomy":"category","embeddable":true,"href":"https:\/\/wgphoto.pl\/t\/index.php?rest_route=%2Fwp%2Fv2%2Fcategories&post=15388"},{"taxonomy":"post_tag","embeddable":true,"href":"https:\/\/wgphoto.pl\/t\/index.php?rest_route=%2Fwp%2Fv2%2Ftags&post=15388"}],"curies":[{"name":"wp","href":"https:\/\/api.w.org\/{rel}","templated":true}]}}