{"id":15400,"date":"2025-04-06T13:40:40","date_gmt":"2025-04-06T11:40:40","guid":{"rendered":"https:\/\/wgphoto.pl\/t\/?p=15400"},"modified":"2025-04-06T13:42:11","modified_gmt":"2025-04-06T11:42:11","slug":"szerokie-tramwaje-i-zlote-kopuly","status":"publish","type":"post","link":"https:\/\/wgphoto.pl\/t\/?p=15400","title":{"rendered":"Szerokie tramwaje i z\u0142ote kopu\u0142y"},"content":{"rendered":"\n<figure class=\"wp-block-image aligncenter size-full\"><img loading=\"lazy\" decoding=\"async\" width=\"1400\" height=\"927\" src=\"https:\/\/wgphoto.pl\/t\/wp-content\/uploads\/2025\/04\/IMGP5722.jpg\" alt=\"\" class=\"wp-image-15401\" srcset=\"https:\/\/wgphoto.pl\/t\/wp-content\/uploads\/2025\/04\/IMGP5722.jpg 1400w, https:\/\/wgphoto.pl\/t\/wp-content\/uploads\/2025\/04\/IMGP5722-300x199.jpg 300w, https:\/\/wgphoto.pl\/t\/wp-content\/uploads\/2025\/04\/IMGP5722-768x509.jpg 768w\" sizes=\"auto, (max-width: 1400px) 100vw, 1400px\" \/><\/figure>\n\n\n\n<div class=\"wp-block-group has-global-padding is-layout-constrained wp-block-group-is-layout-constrained\">\n<p>Sofia, Bulevard Szipczenski Prochod. Ko\u0142o soboru \u015bw. Aleksandra Newskiego, b\u0119d\u0105cego jednym z najpopularniejszych zabytk\u00f3w w Sofii, tramwaje nie przeje\u017cd\u017caj\u0105, ale kilka kilometr\u00f3w dalej uda\u0142o si\u0119 zmie\u015bci\u0107 w jednym kadrze z\u0142ote kopu\u0142y tego obiektu ze sk\u0142adem Tatr T6B5. 11.11.2017<\/p>\n<\/div>\n","protected":false},"excerpt":{"rendered":"<p>Sofia, Bulevard Szipczenski Prochod. Ko\u0142o soboru \u015bw. Aleksandra Newskiego, b\u0119d\u0105cego jednym z najpopularniejszych zabytk\u00f3w w Sofii, tramwaje nie przeje\u017cd\u017caj\u0105, ale kilka kilometr\u00f3w dalej uda\u0142o si\u0119 zmie\u015bci\u0107 w jednym kadrze z\u0142ote kopu\u0142y tego obiektu ze sk\u0142adem Tatr T6B5. 11.11.2017<\/p>\n","protected":false},"author":1,"featured_media":15401,"comment_status":"open","ping_status":"","sticky":false,"template":"","format":"standard","meta":{"footnotes":""},"categories":[368,3],"tags":[2547,838,151,842,841,839,840],"class_list":["post-15400","post","type-post","status-publish","format-standard","has-post-thumbnail","hentry","category-rok-2017","category-tramwaj","tag-2017-11-11","tag-bulgaria","tag-ludzie","tag-sofia","tag-tatra-t6","tag-wakacje-2017","tag-840"],"_links":{"self":[{"href":"https:\/\/wgphoto.pl\/t\/index.php?rest_route=\/wp\/v2\/posts\/15400","targetHints":{"allow":["GET"]}}],"collection":[{"href":"https:\/\/wgphoto.pl\/t\/index.php?rest_route=\/wp\/v2\/posts"}],"about":[{"href":"https:\/\/wgphoto.pl\/t\/index.php?rest_route=\/wp\/v2\/types\/post"}],"author":[{"embeddable":true,"href":"https:\/\/wgphoto.pl\/t\/index.php?rest_route=\/wp\/v2\/users\/1"}],"replies":[{"embeddable":true,"href":"https:\/\/wgphoto.pl\/t\/index.php?rest_route=%2Fwp%2Fv2%2Fcomments&post=15400"}],"version-history":[{"count":3,"href":"https:\/\/wgphoto.pl\/t\/index.php?rest_route=\/wp\/v2\/posts\/15400\/revisions"}],"predecessor-version":[{"id":15404,"href":"https:\/\/wgphoto.pl\/t\/index.php?rest_route=\/wp\/v2\/posts\/15400\/revisions\/15404"}],"wp:featuredmedia":[{"embeddable":true,"href":"https:\/\/wgphoto.pl\/t\/index.php?rest_route=\/wp\/v2\/media\/15401"}],"wp:attachment":[{"href":"https:\/\/wgphoto.pl\/t\/index.php?rest_route=%2Fwp%2Fv2%2Fmedia&parent=15400"}],"wp:term":[{"taxonomy":"category","embeddable":true,"href":"https:\/\/wgphoto.pl\/t\/index.php?rest_route=%2Fwp%2Fv2%2Fcategories&post=15400"},{"taxonomy":"post_tag","embeddable":true,"href":"https:\/\/wgphoto.pl\/t\/index.php?rest_route=%2Fwp%2Fv2%2Ftags&post=15400"}],"curies":[{"name":"wp","href":"https:\/\/api.w.org\/{rel}","templated":true}]}}