{"id":15405,"date":"2025-04-06T13:54:41","date_gmt":"2025-04-06T11:54:41","guid":{"rendered":"https:\/\/wgphoto.pl\/t\/?p=15405"},"modified":"2025-04-06T13:54:41","modified_gmt":"2025-04-06T11:54:41","slug":"jestes-rozumny-to-unikaj-krytycznych","status":"publish","type":"post","link":"https:\/\/wgphoto.pl\/t\/?p=15405","title":{"rendered":"Jeste\u015b rozumny to unikaj krytycznych"},"content":{"rendered":"\n<figure class=\"wp-block-image aligncenter size-full\"><img loading=\"lazy\" decoding=\"async\" width=\"1400\" height=\"904\" src=\"https:\/\/wgphoto.pl\/t\/wp-content\/uploads\/2025\/04\/2002g-19_rsn.jpg\" alt=\"\" class=\"wp-image-15406\" srcset=\"https:\/\/wgphoto.pl\/t\/wp-content\/uploads\/2025\/04\/2002g-19_rsn.jpg 1400w, https:\/\/wgphoto.pl\/t\/wp-content\/uploads\/2025\/04\/2002g-19_rsn-300x194.jpg 300w, https:\/\/wgphoto.pl\/t\/wp-content\/uploads\/2025\/04\/2002g-19_rsn-768x496.jpg 768w\" sizes=\"auto, (max-width: 1400px) 100vw, 1400px\" \/><\/figure>\n\n\n\n<div class=\"wp-block-group has-global-padding is-layout-constrained wp-block-group-is-layout-constrained\">\n<p>EU07-121+EU07-468 z poci\u0105giem IR454\/60003 relacji Wroc\u0142aw G\u0142. &#8211; Dresden Hbf opuszczaj\u0105 Podg Grabiszyn. By\u0142em m\u0142ody i g\u0142upi, i stan\u0105\u0142em prawie w skrajni (na zdj\u0119ciu wida\u0107 ju\u017c efekt po kroku w bok), bo nie wzi\u0105\u0142em pod uwag\u0119, \u017ce poci\u0105g mo\u017ce jecha\u0107 lewym torem. 06.04.2002<\/p>\n<\/div>\n","protected":false},"excerpt":{"rendered":"<p>EU07-121+EU07-468 z poci\u0105giem IR454\/60003 relacji Wroc\u0142aw G\u0142. &#8211; Dresden Hbf opuszczaj\u0105 Podg Grabiszyn. By\u0142em m\u0142ody i g\u0142upi, i stan\u0105\u0142em prawie w skrajni (na zdj\u0119ciu wida\u0107 ju\u017c efekt po kroku w bok), bo nie wzi\u0105\u0142em pod uwag\u0119, \u017ce poci\u0105g mo\u017ce jecha\u0107 lewym torem. 06.04.2002<\/p>\n","protected":false},"author":1,"featured_media":15406,"comment_status":"open","ping_status":"","sticky":false,"template":"","format":"standard","meta":{"footnotes":""},"categories":[62,2,577],"tags":[3597,122,63,1544,27,233,41],"class_list":["post-15405","post","type-post","status-publish","format-standard","has-post-thumbnail","hentry","category-analog","category-kolej","category-rok-2002","tag-2002-04-06","tag-eu07","tag-pkp","tag-podg-grabiszyn","tag-polska","tag-tab-pl260","tag-wroclaw"],"_links":{"self":[{"href":"https:\/\/wgphoto.pl\/t\/index.php?rest_route=\/wp\/v2\/posts\/15405","targetHints":{"allow":["GET"]}}],"collection":[{"href":"https:\/\/wgphoto.pl\/t\/index.php?rest_route=\/wp\/v2\/posts"}],"about":[{"href":"https:\/\/wgphoto.pl\/t\/index.php?rest_route=\/wp\/v2\/types\/post"}],"author":[{"embeddable":true,"href":"https:\/\/wgphoto.pl\/t\/index.php?rest_route=\/wp\/v2\/users\/1"}],"replies":[{"embeddable":true,"href":"https:\/\/wgphoto.pl\/t\/index.php?rest_route=%2Fwp%2Fv2%2Fcomments&post=15405"}],"version-history":[{"count":1,"href":"https:\/\/wgphoto.pl\/t\/index.php?rest_route=\/wp\/v2\/posts\/15405\/revisions"}],"predecessor-version":[{"id":15407,"href":"https:\/\/wgphoto.pl\/t\/index.php?rest_route=\/wp\/v2\/posts\/15405\/revisions\/15407"}],"wp:featuredmedia":[{"embeddable":true,"href":"https:\/\/wgphoto.pl\/t\/index.php?rest_route=\/wp\/v2\/media\/15406"}],"wp:attachment":[{"href":"https:\/\/wgphoto.pl\/t\/index.php?rest_route=%2Fwp%2Fv2%2Fmedia&parent=15405"}],"wp:term":[{"taxonomy":"category","embeddable":true,"href":"https:\/\/wgphoto.pl\/t\/index.php?rest_route=%2Fwp%2Fv2%2Fcategories&post=15405"},{"taxonomy":"post_tag","embeddable":true,"href":"https:\/\/wgphoto.pl\/t\/index.php?rest_route=%2Fwp%2Fv2%2Ftags&post=15405"}],"curies":[{"name":"wp","href":"https:\/\/api.w.org\/{rel}","templated":true}]}}