{"id":15408,"date":"2025-04-06T13:55:25","date_gmt":"2025-04-06T11:55:25","guid":{"rendered":"https:\/\/wgphoto.pl\/t\/?p=15408"},"modified":"2025-04-06T13:55:25","modified_gmt":"2025-04-06T11:55:25","slug":"przedwiosnie-w-dolinie-bobru","status":"publish","type":"post","link":"https:\/\/wgphoto.pl\/t\/?p=15408","title":{"rendered":"Przedwio\u015bnie w Dolinie Bobru"},"content":{"rendered":"\n<figure class=\"wp-block-image aligncenter size-full\"><img loading=\"lazy\" decoding=\"async\" width=\"1300\" height=\"861\" src=\"https:\/\/wgphoto.pl\/t\/wp-content\/uploads\/2025\/04\/2002g-15_rsn.jpg\" alt=\"\" class=\"wp-image-15409\" srcset=\"https:\/\/wgphoto.pl\/t\/wp-content\/uploads\/2025\/04\/2002g-15_rsn.jpg 1300w, https:\/\/wgphoto.pl\/t\/wp-content\/uploads\/2025\/04\/2002g-15_rsn-300x199.jpg 300w, https:\/\/wgphoto.pl\/t\/wp-content\/uploads\/2025\/04\/2002g-15_rsn-768x509.jpg 768w\" sizes=\"auto, (max-width: 1300px) 100vw, 1300px\" \/><\/figure>\n\n\n\n<div class=\"wp-block-group has-global-padding is-layout-constrained wp-block-group-is-layout-constrained\">\n<p>SP32-097 z poci\u0105giem osobowym 7723 rel. Wa\u0142brzych G\u0142. &#8211; Lubawka za par\u0119 minut dotrze do stacji docelowej. Foto by\u0142o prze\u015bwietlone i nieostre, wi\u0119c doprowadzenie go do takiego stanu i tak uwa\u017cam za skuces. Dzi\u015b mniej wi\u0119cej w tym miejcu przebiega wiadukt drogi S3. 02.04.2002<\/p>\n<\/div>\n","protected":false},"excerpt":{"rendered":"<p>SP32-097 z poci\u0105giem osobowym 7723 rel. Wa\u0142brzych G\u0142. &#8211; Lubawka za par\u0119 minut dotrze do stacji docelowej. Foto by\u0142o prze\u015bwietlone i nieostre, wi\u0119c doprowadzenie go do takiego stanu i tak uwa\u017cam za skuces. Dzi\u015b mniej wi\u0119cej w tym miejcu przebiega wiadukt drogi S3. 02.04.2002<\/p>\n","protected":false},"author":1,"featured_media":15409,"comment_status":"open","ping_status":"","sticky":false,"template":"","format":"standard","meta":{"footnotes":""},"categories":[62,2,577],"tags":[3598,626,113,1435,63,27,385,627],"class_list":["post-15408","post","type-post","status-publish","format-standard","has-post-thumbnail","hentry","category-analog","category-kolej","category-rok-2002","tag-2002-04-02","tag-blazkowa","tag-landszaft","tag-lubawka","tag-pkp","tag-polska","tag-sp32","tag-tab-pl247"],"_links":{"self":[{"href":"https:\/\/wgphoto.pl\/t\/index.php?rest_route=\/wp\/v2\/posts\/15408","targetHints":{"allow":["GET"]}}],"collection":[{"href":"https:\/\/wgphoto.pl\/t\/index.php?rest_route=\/wp\/v2\/posts"}],"about":[{"href":"https:\/\/wgphoto.pl\/t\/index.php?rest_route=\/wp\/v2\/types\/post"}],"author":[{"embeddable":true,"href":"https:\/\/wgphoto.pl\/t\/index.php?rest_route=\/wp\/v2\/users\/1"}],"replies":[{"embeddable":true,"href":"https:\/\/wgphoto.pl\/t\/index.php?rest_route=%2Fwp%2Fv2%2Fcomments&post=15408"}],"version-history":[{"count":1,"href":"https:\/\/wgphoto.pl\/t\/index.php?rest_route=\/wp\/v2\/posts\/15408\/revisions"}],"predecessor-version":[{"id":15410,"href":"https:\/\/wgphoto.pl\/t\/index.php?rest_route=\/wp\/v2\/posts\/15408\/revisions\/15410"}],"wp:featuredmedia":[{"embeddable":true,"href":"https:\/\/wgphoto.pl\/t\/index.php?rest_route=\/wp\/v2\/media\/15409"}],"wp:attachment":[{"href":"https:\/\/wgphoto.pl\/t\/index.php?rest_route=%2Fwp%2Fv2%2Fmedia&parent=15408"}],"wp:term":[{"taxonomy":"category","embeddable":true,"href":"https:\/\/wgphoto.pl\/t\/index.php?rest_route=%2Fwp%2Fv2%2Fcategories&post=15408"},{"taxonomy":"post_tag","embeddable":true,"href":"https:\/\/wgphoto.pl\/t\/index.php?rest_route=%2Fwp%2Fv2%2Ftags&post=15408"}],"curies":[{"name":"wp","href":"https:\/\/api.w.org\/{rel}","templated":true}]}}