{"id":15411,"date":"2025-04-06T15:58:13","date_gmt":"2025-04-06T13:58:13","guid":{"rendered":"https:\/\/wgphoto.pl\/t\/?p=15411"},"modified":"2025-04-06T15:58:13","modified_gmt":"2025-04-06T13:58:13","slug":"et21-z-miedzynarodowym","status":"publish","type":"post","link":"https:\/\/wgphoto.pl\/t\/?p=15411","title":{"rendered":"ET21 z mi\u0119dzynarodowym"},"content":{"rendered":"\n<figure class=\"wp-block-image aligncenter size-full\"><img loading=\"lazy\" decoding=\"async\" width=\"1200\" height=\"800\" src=\"https:\/\/wgphoto.pl\/t\/wp-content\/uploads\/2025\/04\/0623-28.jpg\" alt=\"\" class=\"wp-image-15412\" srcset=\"https:\/\/wgphoto.pl\/t\/wp-content\/uploads\/2025\/04\/0623-28.jpg 1200w, https:\/\/wgphoto.pl\/t\/wp-content\/uploads\/2025\/04\/0623-28-300x200.jpg 300w, https:\/\/wgphoto.pl\/t\/wp-content\/uploads\/2025\/04\/0623-28-768x512.jpg 768w\" sizes=\"auto, (max-width: 1200px) 100vw, 1200px\" \/><\/figure>\n\n\n\n<div class=\"wp-block-group has-global-padding is-layout-constrained wp-block-group-is-layout-constrained\">\n<p>Poci\u0105g pospieszny &#8222;Cracovia&#8221; do Budapesztu i Bukaresztu za par\u0119 minut odjedzie z Krakowa G\u0142\u00f3wnego. S\u0105deckie sputniki zapewnia\u0142y w\u00f3wczas jego planow\u0105 obs\u0142ug\u0119. 2006-09-13<\/p>\n<\/div>\n","protected":false},"excerpt":{"rendered":"<p>Poci\u0105g pospieszny &#8222;Cracovia&#8221; do Budapesztu i Bukaresztu za par\u0119 minut odjedzie z Krakowa G\u0142\u00f3wnego. S\u0105deckie sputniki zapewnia\u0142y w\u00f3wczas jego planow\u0105 obs\u0142ug\u0119. 2006-09-13<\/p>\n","protected":false},"author":1,"featured_media":15412,"comment_status":"open","ping_status":"","sticky":false,"template":"","format":"standard","meta":{"footnotes":""},"categories":[62,2,130],"tags":[2310,198,664,2309,154,63,27,2225],"class_list":["post-15411","post","type-post","status-publish","format-standard","has-post-thumbnail","hentry","category-analog","category-kolej","category-rok-2006","tag-2006-09-13","tag-et21","tag-krakow","tag-krakow-glowny","tag-noc","tag-pkp","tag-polska","tag-tab-pl120"],"_links":{"self":[{"href":"https:\/\/wgphoto.pl\/t\/index.php?rest_route=\/wp\/v2\/posts\/15411","targetHints":{"allow":["GET"]}}],"collection":[{"href":"https:\/\/wgphoto.pl\/t\/index.php?rest_route=\/wp\/v2\/posts"}],"about":[{"href":"https:\/\/wgphoto.pl\/t\/index.php?rest_route=\/wp\/v2\/types\/post"}],"author":[{"embeddable":true,"href":"https:\/\/wgphoto.pl\/t\/index.php?rest_route=\/wp\/v2\/users\/1"}],"replies":[{"embeddable":true,"href":"https:\/\/wgphoto.pl\/t\/index.php?rest_route=%2Fwp%2Fv2%2Fcomments&post=15411"}],"version-history":[{"count":1,"href":"https:\/\/wgphoto.pl\/t\/index.php?rest_route=\/wp\/v2\/posts\/15411\/revisions"}],"predecessor-version":[{"id":15413,"href":"https:\/\/wgphoto.pl\/t\/index.php?rest_route=\/wp\/v2\/posts\/15411\/revisions\/15413"}],"wp:featuredmedia":[{"embeddable":true,"href":"https:\/\/wgphoto.pl\/t\/index.php?rest_route=\/wp\/v2\/media\/15412"}],"wp:attachment":[{"href":"https:\/\/wgphoto.pl\/t\/index.php?rest_route=%2Fwp%2Fv2%2Fmedia&parent=15411"}],"wp:term":[{"taxonomy":"category","embeddable":true,"href":"https:\/\/wgphoto.pl\/t\/index.php?rest_route=%2Fwp%2Fv2%2Fcategories&post=15411"},{"taxonomy":"post_tag","embeddable":true,"href":"https:\/\/wgphoto.pl\/t\/index.php?rest_route=%2Fwp%2Fv2%2Ftags&post=15411"}],"curies":[{"name":"wp","href":"https:\/\/api.w.org\/{rel}","templated":true}]}}