{"id":15420,"date":"2025-04-06T16:01:27","date_gmt":"2025-04-06T14:01:27","guid":{"rendered":"https:\/\/wgphoto.pl\/t\/?p=15420"},"modified":"2025-04-06T16:01:27","modified_gmt":"2025-04-06T14:01:27","slug":"chebzie","status":"publish","type":"post","link":"https:\/\/wgphoto.pl\/t\/?p=15420","title":{"rendered":"Chebzie"},"content":{"rendered":"\n<figure class=\"wp-block-image aligncenter size-full\"><img loading=\"lazy\" decoding=\"async\" width=\"1200\" height=\"800\" src=\"https:\/\/wgphoto.pl\/t\/wp-content\/uploads\/2025\/04\/0623-35.jpg\" alt=\"\" class=\"wp-image-15421\" srcset=\"https:\/\/wgphoto.pl\/t\/wp-content\/uploads\/2025\/04\/0623-35.jpg 1200w, https:\/\/wgphoto.pl\/t\/wp-content\/uploads\/2025\/04\/0623-35-300x200.jpg 300w, https:\/\/wgphoto.pl\/t\/wp-content\/uploads\/2025\/04\/0623-35-768x512.jpg 768w\" sizes=\"auto, (max-width: 1200px) 100vw, 1200px\" \/><\/figure>\n\n\n\n<div class=\"wp-block-group has-global-padding is-layout-constrained wp-block-group-is-layout-constrained\">\n<p>Wracaj\u0105c z Soli musia\u0142em straci\u0107 godzin\u0119 gdzie\u015b w GOP-ie aby z\u0142apa\u0107 poci\u0105g do Wroc\u0142awia i wyb\u00f3r pad\u0142 na Rud\u0119 Chebzie. Pewnie chcia\u0142em zrobi\u0107 co\u015b kolejowego, bo maj\u0105 tam \u0142adny budynek dworca oraz nastawnie z czerwonej ceg\u0142y, ale widocznie na kolei by\u0142y pustki skoro poszed\u0142em na p\u0119tl\u0119 tramwajow\u0105. Tam te\u017c nie dzia\u0142o si\u0119 nic nadzwyczajnego, ale z perspektywy czasu co nieco si\u0119 tu chyba jednak pozmienia\u0142o, chocia\u017cby znikn\u0119\u0142a linia 18. 14.09.2006<\/p>\n<\/div>\n","protected":false},"excerpt":{"rendered":"<p>Wracaj\u0105c z Soli musia\u0142em straci\u0107 godzin\u0119 gdzie\u015b w GOP-ie aby z\u0142apa\u0107 poci\u0105g do Wroc\u0142awia i wyb\u00f3r pad\u0142 na Rud\u0119 Chebzie. Pewnie chcia\u0142em zrobi\u0107 co\u015b kolejowego, bo maj\u0105 tam \u0142adny budynek dworca oraz nastawnie z czerwonej ceg\u0142y, ale widocznie na kolei by\u0142y pustki skoro poszed\u0142em na p\u0119tl\u0119 tramwajow\u0105. Tam te\u017c nie dzia\u0142o si\u0119 nic nadzwyczajnego, ale [&hellip;]<\/p>\n","protected":false},"author":1,"featured_media":15421,"comment_status":"open","ping_status":"","sticky":false,"template":"","format":"standard","meta":{"footnotes":""},"categories":[62,130,3],"tags":[155,809,277,27,1842,279],"class_list":["post-15420","post","type-post","status-publish","format-standard","has-post-thumbnail","hentry","category-analog","category-rok-2006","category-tramwaj","tag-105na","tag-2006-09-14","tag-gop","tag-polska","tag-ruda-slaska","tag-tramwaje-slaskie"],"_links":{"self":[{"href":"https:\/\/wgphoto.pl\/t\/index.php?rest_route=\/wp\/v2\/posts\/15420","targetHints":{"allow":["GET"]}}],"collection":[{"href":"https:\/\/wgphoto.pl\/t\/index.php?rest_route=\/wp\/v2\/posts"}],"about":[{"href":"https:\/\/wgphoto.pl\/t\/index.php?rest_route=\/wp\/v2\/types\/post"}],"author":[{"embeddable":true,"href":"https:\/\/wgphoto.pl\/t\/index.php?rest_route=\/wp\/v2\/users\/1"}],"replies":[{"embeddable":true,"href":"https:\/\/wgphoto.pl\/t\/index.php?rest_route=%2Fwp%2Fv2%2Fcomments&post=15420"}],"version-history":[{"count":1,"href":"https:\/\/wgphoto.pl\/t\/index.php?rest_route=\/wp\/v2\/posts\/15420\/revisions"}],"predecessor-version":[{"id":15422,"href":"https:\/\/wgphoto.pl\/t\/index.php?rest_route=\/wp\/v2\/posts\/15420\/revisions\/15422"}],"wp:featuredmedia":[{"embeddable":true,"href":"https:\/\/wgphoto.pl\/t\/index.php?rest_route=\/wp\/v2\/media\/15421"}],"wp:attachment":[{"href":"https:\/\/wgphoto.pl\/t\/index.php?rest_route=%2Fwp%2Fv2%2Fmedia&parent=15420"}],"wp:term":[{"taxonomy":"category","embeddable":true,"href":"https:\/\/wgphoto.pl\/t\/index.php?rest_route=%2Fwp%2Fv2%2Fcategories&post=15420"},{"taxonomy":"post_tag","embeddable":true,"href":"https:\/\/wgphoto.pl\/t\/index.php?rest_route=%2Fwp%2Fv2%2Ftags&post=15420"}],"curies":[{"name":"wp","href":"https:\/\/api.w.org\/{rel}","templated":true}]}}