{"id":15426,"date":"2025-04-06T16:03:03","date_gmt":"2025-04-06T14:03:03","guid":{"rendered":"https:\/\/wgphoto.pl\/t\/?p=15426"},"modified":"2025-04-06T16:03:03","modified_gmt":"2025-04-06T14:03:03","slug":"waskie-gardlo-2","status":"publish","type":"post","link":"https:\/\/wgphoto.pl\/t\/?p=15426","title":{"rendered":"W\u0105skie gard\u0142o"},"content":{"rendered":"\n<figure class=\"wp-block-image aligncenter size-full\"><img loading=\"lazy\" decoding=\"async\" width=\"1200\" height=\"803\" src=\"https:\/\/wgphoto.pl\/t\/wp-content\/uploads\/2025\/04\/IMGP6494.jpg\" alt=\"\" class=\"wp-image-15427\" srcset=\"https:\/\/wgphoto.pl\/t\/wp-content\/uploads\/2025\/04\/IMGP6494.jpg 1200w, https:\/\/wgphoto.pl\/t\/wp-content\/uploads\/2025\/04\/IMGP6494-300x201.jpg 300w, https:\/\/wgphoto.pl\/t\/wp-content\/uploads\/2025\/04\/IMGP6494-768x514.jpg 768w\" sizes=\"auto, (max-width: 1200px) 100vw, 1200px\" \/><\/figure>\n\n\n\n<div class=\"wp-block-group has-global-padding is-layout-constrained wp-block-group-is-layout-constrained\">\n<p>Wagon 477 min\u0105\u0142 wiadukt pod lini\u0105 kolejow\u0105 z Katowic do Gliwic. Ca\u0142a trasa osiemnastki mi\u0119dzy Rud\u0105 a Bytomiem by\u0142a jednotorowa. Tramwaj jad\u0105cy lewym pasem w takich miejscach raczej nie by\u0142 oaz\u0105 bezpiecze\u0144stwa i m.in. to zapewne r\u00f3wnie\u017c przyczyni\u0142o si\u0119 do podj\u0119cia decyzji o likwidacji tej linii, co nast\u0105pi\u0142o 14 lutego 2015 r. 06.07.2009<\/p>\n<\/div>\n","protected":false},"excerpt":{"rendered":"<p>Wagon 477 min\u0105\u0142 wiadukt pod lini\u0105 kolejow\u0105 z Katowic do Gliwic. Ca\u0142a trasa osiemnastki mi\u0119dzy Rud\u0105 a Bytomiem by\u0142a jednotorowa. Tramwaj jad\u0105cy lewym pasem w takich miejscach raczej nie by\u0142 oaz\u0105 bezpiecze\u0144stwa i m.in. to zapewne r\u00f3wnie\u017c przyczyni\u0142o si\u0119 do podj\u0119cia decyzji o likwidacji tej linii, co nast\u0105pi\u0142o 14 lutego 2015 r. 06.07.2009<\/p>\n","protected":false},"author":1,"featured_media":15427,"comment_status":"open","ping_status":"","sticky":false,"template":"","format":"standard","meta":{"footnotes":""},"categories":[169,3],"tags":[155,1079,277,27,1842,279],"class_list":["post-15426","post","type-post","status-publish","format-standard","has-post-thumbnail","hentry","category-rok-2009","category-tramwaj","tag-105na","tag-2009-07-06","tag-gop","tag-polska","tag-ruda-slaska","tag-tramwaje-slaskie"],"_links":{"self":[{"href":"https:\/\/wgphoto.pl\/t\/index.php?rest_route=\/wp\/v2\/posts\/15426","targetHints":{"allow":["GET"]}}],"collection":[{"href":"https:\/\/wgphoto.pl\/t\/index.php?rest_route=\/wp\/v2\/posts"}],"about":[{"href":"https:\/\/wgphoto.pl\/t\/index.php?rest_route=\/wp\/v2\/types\/post"}],"author":[{"embeddable":true,"href":"https:\/\/wgphoto.pl\/t\/index.php?rest_route=\/wp\/v2\/users\/1"}],"replies":[{"embeddable":true,"href":"https:\/\/wgphoto.pl\/t\/index.php?rest_route=%2Fwp%2Fv2%2Fcomments&post=15426"}],"version-history":[{"count":1,"href":"https:\/\/wgphoto.pl\/t\/index.php?rest_route=\/wp\/v2\/posts\/15426\/revisions"}],"predecessor-version":[{"id":15428,"href":"https:\/\/wgphoto.pl\/t\/index.php?rest_route=\/wp\/v2\/posts\/15426\/revisions\/15428"}],"wp:featuredmedia":[{"embeddable":true,"href":"https:\/\/wgphoto.pl\/t\/index.php?rest_route=\/wp\/v2\/media\/15427"}],"wp:attachment":[{"href":"https:\/\/wgphoto.pl\/t\/index.php?rest_route=%2Fwp%2Fv2%2Fmedia&parent=15426"}],"wp:term":[{"taxonomy":"category","embeddable":true,"href":"https:\/\/wgphoto.pl\/t\/index.php?rest_route=%2Fwp%2Fv2%2Fcategories&post=15426"},{"taxonomy":"post_tag","embeddable":true,"href":"https:\/\/wgphoto.pl\/t\/index.php?rest_route=%2Fwp%2Fv2%2Ftags&post=15426"}],"curies":[{"name":"wp","href":"https:\/\/api.w.org\/{rel}","templated":true}]}}