{"id":15432,"date":"2025-04-06T16:04:52","date_gmt":"2025-04-06T14:04:52","guid":{"rendered":"https:\/\/wgphoto.pl\/t\/?p=15432"},"modified":"2025-04-06T16:04:52","modified_gmt":"2025-04-06T14:04:52","slug":"duzo-czerwonej-cegly-2","status":"publish","type":"post","link":"https:\/\/wgphoto.pl\/t\/?p=15432","title":{"rendered":"Du\u017co czerwonej ceg\u0142y"},"content":{"rendered":"\n<figure class=\"wp-block-image aligncenter size-full\"><img loading=\"lazy\" decoding=\"async\" width=\"1200\" height=\"803\" src=\"https:\/\/wgphoto.pl\/t\/wp-content\/uploads\/2025\/04\/IMGP6474.jpg\" alt=\"\" class=\"wp-image-15433\" srcset=\"https:\/\/wgphoto.pl\/t\/wp-content\/uploads\/2025\/04\/IMGP6474.jpg 1200w, https:\/\/wgphoto.pl\/t\/wp-content\/uploads\/2025\/04\/IMGP6474-300x201.jpg 300w, https:\/\/wgphoto.pl\/t\/wp-content\/uploads\/2025\/04\/IMGP6474-768x514.jpg 768w\" sizes=\"auto, (max-width: 1200px) 100vw, 1200px\" \/><\/figure>\n\n\n\n<div class=\"wp-block-group has-global-padding is-layout-constrained wp-block-group-is-layout-constrained\">\n<p>Ruda \u015al\u0105ska, ul. Wolno\u015bci. Tramwaj zjecha\u0142 z mijanki pod okaza\u0142ym budynkiem urz\u0119du pocztowego, zwalniaj\u0105c tym samym prawy pas dla samochod\u00f3w. 06.07.2009<\/p>\n<\/div>\n","protected":false},"excerpt":{"rendered":"<p>Ruda \u015al\u0105ska, ul. Wolno\u015bci. Tramwaj zjecha\u0142 z mijanki pod okaza\u0142ym budynkiem urz\u0119du pocztowego, zwalniaj\u0105c tym samym prawy pas dla samochod\u00f3w. 06.07.2009<\/p>\n","protected":false},"author":1,"featured_media":15433,"comment_status":"open","ping_status":"","sticky":false,"template":"","format":"standard","meta":{"footnotes":""},"categories":[169,3],"tags":[155,1079,277,27,1842,279],"class_list":["post-15432","post","type-post","status-publish","format-standard","has-post-thumbnail","hentry","category-rok-2009","category-tramwaj","tag-105na","tag-2009-07-06","tag-gop","tag-polska","tag-ruda-slaska","tag-tramwaje-slaskie"],"_links":{"self":[{"href":"https:\/\/wgphoto.pl\/t\/index.php?rest_route=\/wp\/v2\/posts\/15432","targetHints":{"allow":["GET"]}}],"collection":[{"href":"https:\/\/wgphoto.pl\/t\/index.php?rest_route=\/wp\/v2\/posts"}],"about":[{"href":"https:\/\/wgphoto.pl\/t\/index.php?rest_route=\/wp\/v2\/types\/post"}],"author":[{"embeddable":true,"href":"https:\/\/wgphoto.pl\/t\/index.php?rest_route=\/wp\/v2\/users\/1"}],"replies":[{"embeddable":true,"href":"https:\/\/wgphoto.pl\/t\/index.php?rest_route=%2Fwp%2Fv2%2Fcomments&post=15432"}],"version-history":[{"count":1,"href":"https:\/\/wgphoto.pl\/t\/index.php?rest_route=\/wp\/v2\/posts\/15432\/revisions"}],"predecessor-version":[{"id":15434,"href":"https:\/\/wgphoto.pl\/t\/index.php?rest_route=\/wp\/v2\/posts\/15432\/revisions\/15434"}],"wp:featuredmedia":[{"embeddable":true,"href":"https:\/\/wgphoto.pl\/t\/index.php?rest_route=\/wp\/v2\/media\/15433"}],"wp:attachment":[{"href":"https:\/\/wgphoto.pl\/t\/index.php?rest_route=%2Fwp%2Fv2%2Fmedia&parent=15432"}],"wp:term":[{"taxonomy":"category","embeddable":true,"href":"https:\/\/wgphoto.pl\/t\/index.php?rest_route=%2Fwp%2Fv2%2Fcategories&post=15432"},{"taxonomy":"post_tag","embeddable":true,"href":"https:\/\/wgphoto.pl\/t\/index.php?rest_route=%2Fwp%2Fv2%2Ftags&post=15432"}],"curies":[{"name":"wp","href":"https:\/\/api.w.org\/{rel}","templated":true}]}}