{"id":15438,"date":"2025-04-06T16:06:33","date_gmt":"2025-04-06T14:06:33","guid":{"rendered":"https:\/\/wgphoto.pl\/t\/?p=15438"},"modified":"2025-04-06T16:06:33","modified_gmt":"2025-04-06T14:06:33","slug":"kamienice","status":"publish","type":"post","link":"https:\/\/wgphoto.pl\/t\/?p=15438","title":{"rendered":"Kamienice"},"content":{"rendered":"\n<figure class=\"wp-block-image aligncenter size-full\"><img loading=\"lazy\" decoding=\"async\" width=\"1200\" height=\"803\" src=\"https:\/\/wgphoto.pl\/t\/wp-content\/uploads\/2025\/04\/IMGP6526.jpg\" alt=\"\" class=\"wp-image-15439\" srcset=\"https:\/\/wgphoto.pl\/t\/wp-content\/uploads\/2025\/04\/IMGP6526.jpg 1200w, https:\/\/wgphoto.pl\/t\/wp-content\/uploads\/2025\/04\/IMGP6526-300x201.jpg 300w, https:\/\/wgphoto.pl\/t\/wp-content\/uploads\/2025\/04\/IMGP6526-768x514.jpg 768w\" sizes=\"auto, (max-width: 1200px) 100vw, 1200px\" \/><\/figure>\n\n\n\n<div class=\"wp-block-group has-global-padding is-layout-constrained wp-block-group-is-layout-constrained\">\n<p>To samo miejsce co na s\u0105siednim zdj\u0119ciu, z tramwajem jad\u0105cym w kierunku Bytomia oraz w uj\u0119ciu pokazuj\u0105cym co si\u0119 kryje za rz\u0119dem kamienic stoj\u0105cych wzd\u0142u\u017c ulicy. Ca\u0142a seria powsta\u0142a przy u\u017cyciu obiektywu z nieplanowan\u0105 hodowl\u0105 grzyba mi\u0119dzy soczewkami. Zazwyczaj daje si\u0119 jako\u015b ogarn\u0105\u0107 kolorystyk\u0119 i kontrast na tych zdj\u0119ciach, ale tutaj, na zdj\u0119ciu pod s\u0142o\u0144ce, barwy by\u0142y ju\u017c totalnie odjechane, wi\u0119c wybaczcie je\u015bli was to k\u0142uje w oczy. 06.07.2009<\/p>\n<\/div>\n","protected":false},"excerpt":{"rendered":"<p>To samo miejsce co na s\u0105siednim zdj\u0119ciu, z tramwajem jad\u0105cym w kierunku Bytomia oraz w uj\u0119ciu pokazuj\u0105cym co si\u0119 kryje za rz\u0119dem kamienic stoj\u0105cych wzd\u0142u\u017c ulicy. Ca\u0142a seria powsta\u0142a przy u\u017cyciu obiektywu z nieplanowan\u0105 hodowl\u0105 grzyba mi\u0119dzy soczewkami. Zazwyczaj daje si\u0119 jako\u015b ogarn\u0105\u0107 kolorystyk\u0119 i kontrast na tych zdj\u0119ciach, ale tutaj, na zdj\u0119ciu pod s\u0142o\u0144ce, [&hellip;]<\/p>\n","protected":false},"author":1,"featured_media":15439,"comment_status":"open","ping_status":"","sticky":false,"template":"","format":"standard","meta":{"footnotes":""},"categories":[169,3],"tags":[155,1079,277,27,1842,279],"class_list":["post-15438","post","type-post","status-publish","format-standard","has-post-thumbnail","hentry","category-rok-2009","category-tramwaj","tag-105na","tag-2009-07-06","tag-gop","tag-polska","tag-ruda-slaska","tag-tramwaje-slaskie"],"_links":{"self":[{"href":"https:\/\/wgphoto.pl\/t\/index.php?rest_route=\/wp\/v2\/posts\/15438","targetHints":{"allow":["GET"]}}],"collection":[{"href":"https:\/\/wgphoto.pl\/t\/index.php?rest_route=\/wp\/v2\/posts"}],"about":[{"href":"https:\/\/wgphoto.pl\/t\/index.php?rest_route=\/wp\/v2\/types\/post"}],"author":[{"embeddable":true,"href":"https:\/\/wgphoto.pl\/t\/index.php?rest_route=\/wp\/v2\/users\/1"}],"replies":[{"embeddable":true,"href":"https:\/\/wgphoto.pl\/t\/index.php?rest_route=%2Fwp%2Fv2%2Fcomments&post=15438"}],"version-history":[{"count":1,"href":"https:\/\/wgphoto.pl\/t\/index.php?rest_route=\/wp\/v2\/posts\/15438\/revisions"}],"predecessor-version":[{"id":15440,"href":"https:\/\/wgphoto.pl\/t\/index.php?rest_route=\/wp\/v2\/posts\/15438\/revisions\/15440"}],"wp:featuredmedia":[{"embeddable":true,"href":"https:\/\/wgphoto.pl\/t\/index.php?rest_route=\/wp\/v2\/media\/15439"}],"wp:attachment":[{"href":"https:\/\/wgphoto.pl\/t\/index.php?rest_route=%2Fwp%2Fv2%2Fmedia&parent=15438"}],"wp:term":[{"taxonomy":"category","embeddable":true,"href":"https:\/\/wgphoto.pl\/t\/index.php?rest_route=%2Fwp%2Fv2%2Fcategories&post=15438"},{"taxonomy":"post_tag","embeddable":true,"href":"https:\/\/wgphoto.pl\/t\/index.php?rest_route=%2Fwp%2Fv2%2Ftags&post=15438"}],"curies":[{"name":"wp","href":"https:\/\/api.w.org\/{rel}","templated":true}]}}