{"id":15441,"date":"2025-04-06T16:07:25","date_gmt":"2025-04-06T14:07:25","guid":{"rendered":"https:\/\/wgphoto.pl\/t\/?p=15441"},"modified":"2025-04-06T16:07:25","modified_gmt":"2025-04-06T14:07:25","slug":"mijanka-w-krzakach","status":"publish","type":"post","link":"https:\/\/wgphoto.pl\/t\/?p=15441","title":{"rendered":"Mijanka w krzakach"},"content":{"rendered":"\n<figure class=\"wp-block-image aligncenter size-full\"><img loading=\"lazy\" decoding=\"async\" width=\"1200\" height=\"803\" src=\"https:\/\/wgphoto.pl\/t\/wp-content\/uploads\/2025\/04\/IMGP6540.jpg\" alt=\"\" class=\"wp-image-15442\" srcset=\"https:\/\/wgphoto.pl\/t\/wp-content\/uploads\/2025\/04\/IMGP6540.jpg 1200w, https:\/\/wgphoto.pl\/t\/wp-content\/uploads\/2025\/04\/IMGP6540-300x201.jpg 300w, https:\/\/wgphoto.pl\/t\/wp-content\/uploads\/2025\/04\/IMGP6540-768x514.jpg 768w\" sizes=\"auto, (max-width: 1200px) 100vw, 1200px\" \/><\/figure>\n\n\n\n<div class=\"wp-block-group has-global-padding is-layout-constrained wp-block-group-is-layout-constrained\">\n<p>Dwa poci\u0105gi obs\u0142uguj\u0105ce osiemnastk\u0119 wykrzy\u017cowa\u0142y si\u0119 na ostatniej mijance w Rudzie \u015al\u0105skiej przed granic\u0105 Bytomia. Tu chyba nawet nie by\u0142o przystanku. 06.07.2009<\/p>\n<\/div>\n","protected":false},"excerpt":{"rendered":"<p>Dwa poci\u0105gi obs\u0142uguj\u0105ce osiemnastk\u0119 wykrzy\u017cowa\u0142y si\u0119 na ostatniej mijance w Rudzie \u015al\u0105skiej przed granic\u0105 Bytomia. Tu chyba nawet nie by\u0142o przystanku. 06.07.2009<\/p>\n","protected":false},"author":1,"featured_media":15442,"comment_status":"open","ping_status":"","sticky":false,"template":"","format":"standard","meta":{"footnotes":""},"categories":[169,3],"tags":[155,1079,277,389,27,1842,279],"class_list":["post-15441","post","type-post","status-publish","format-standard","has-post-thumbnail","hentry","category-rok-2009","category-tramwaj","tag-105na","tag-2009-07-06","tag-gop","tag-mijanka","tag-polska","tag-ruda-slaska","tag-tramwaje-slaskie"],"_links":{"self":[{"href":"https:\/\/wgphoto.pl\/t\/index.php?rest_route=\/wp\/v2\/posts\/15441","targetHints":{"allow":["GET"]}}],"collection":[{"href":"https:\/\/wgphoto.pl\/t\/index.php?rest_route=\/wp\/v2\/posts"}],"about":[{"href":"https:\/\/wgphoto.pl\/t\/index.php?rest_route=\/wp\/v2\/types\/post"}],"author":[{"embeddable":true,"href":"https:\/\/wgphoto.pl\/t\/index.php?rest_route=\/wp\/v2\/users\/1"}],"replies":[{"embeddable":true,"href":"https:\/\/wgphoto.pl\/t\/index.php?rest_route=%2Fwp%2Fv2%2Fcomments&post=15441"}],"version-history":[{"count":1,"href":"https:\/\/wgphoto.pl\/t\/index.php?rest_route=\/wp\/v2\/posts\/15441\/revisions"}],"predecessor-version":[{"id":15443,"href":"https:\/\/wgphoto.pl\/t\/index.php?rest_route=\/wp\/v2\/posts\/15441\/revisions\/15443"}],"wp:featuredmedia":[{"embeddable":true,"href":"https:\/\/wgphoto.pl\/t\/index.php?rest_route=\/wp\/v2\/media\/15442"}],"wp:attachment":[{"href":"https:\/\/wgphoto.pl\/t\/index.php?rest_route=%2Fwp%2Fv2%2Fmedia&parent=15441"}],"wp:term":[{"taxonomy":"category","embeddable":true,"href":"https:\/\/wgphoto.pl\/t\/index.php?rest_route=%2Fwp%2Fv2%2Fcategories&post=15441"},{"taxonomy":"post_tag","embeddable":true,"href":"https:\/\/wgphoto.pl\/t\/index.php?rest_route=%2Fwp%2Fv2%2Ftags&post=15441"}],"curies":[{"name":"wp","href":"https:\/\/api.w.org\/{rel}","templated":true}]}}