{"id":15444,"date":"2025-04-06T16:09:21","date_gmt":"2025-04-06T14:09:21","guid":{"rendered":"https:\/\/wgphoto.pl\/t\/?p=15444"},"modified":"2025-04-06T16:09:21","modified_gmt":"2025-04-06T14:09:21","slug":"9-wagonow","status":"publish","type":"post","link":"https:\/\/wgphoto.pl\/t\/?p=15444","title":{"rendered":"9 wagon\u00f3w"},"content":{"rendered":"\n<figure class=\"wp-block-image aligncenter size-full\"><img loading=\"lazy\" decoding=\"async\" width=\"1200\" height=\"795\" src=\"https:\/\/wgphoto.pl\/t\/wp-content\/uploads\/2025\/04\/IMGP1986.jpg\" alt=\"\" class=\"wp-image-15445\" srcset=\"https:\/\/wgphoto.pl\/t\/wp-content\/uploads\/2025\/04\/IMGP1986.jpg 1200w, https:\/\/wgphoto.pl\/t\/wp-content\/uploads\/2025\/04\/IMGP1986-300x199.jpg 300w, https:\/\/wgphoto.pl\/t\/wp-content\/uploads\/2025\/04\/IMGP1986-768x509.jpg 768w\" sizes=\"auto, (max-width: 1200px) 100vw, 1200px\" \/><\/figure>\n\n\n\n<div class=\"wp-block-group has-global-padding is-layout-constrained wp-block-group-is-layout-constrained\">\n<p>Nocne &#8222;Sudety&#8221; z Warszawy i Gdyni do Szklarskiej Por\u0119by mijaj\u0105 zabudowania Witkowa \u015al\u0105skiego. I denerwuje mnie w tym kadrze tylko to, \u017ce poci\u0105g jest w po\u0142owie jego wysoko\u015bci, ale g\u0142upio by\u0142o ucina\u0107 zabudow\u0119 z do\u0142u. \ud83d\ude09 22.06.2017<\/p>\n<\/div>\n","protected":false},"excerpt":{"rendered":"<p>Nocne &#8222;Sudety&#8221; z Warszawy i Gdyni do Szklarskiej Por\u0119by mijaj\u0105 zabudowania Witkowa \u015al\u0105skiego. I denerwuje mnie w tym kadrze tylko to, \u017ce poci\u0105g jest w po\u0142owie jego wysoko\u015bci, ale g\u0142upio by\u0142o ucina\u0107 zabudow\u0119 z do\u0142u. \ud83d\ude09 22.06.2017<\/p>\n","protected":false},"author":1,"featured_media":15445,"comment_status":"open","ping_status":"","sticky":false,"template":"","format":"standard","meta":{"footnotes":""},"categories":[2,368],"tags":[3600,122,113,63,27,200,1433],"class_list":["post-15444","post","type-post","status-publish","format-standard","has-post-thumbnail","hentry","category-kolej","category-rok-2017","tag-2017-06-22","tag-eu07","tag-landszaft","tag-pkp","tag-polska","tag-tab-pl240","tag-witkow-slaski"],"_links":{"self":[{"href":"https:\/\/wgphoto.pl\/t\/index.php?rest_route=\/wp\/v2\/posts\/15444","targetHints":{"allow":["GET"]}}],"collection":[{"href":"https:\/\/wgphoto.pl\/t\/index.php?rest_route=\/wp\/v2\/posts"}],"about":[{"href":"https:\/\/wgphoto.pl\/t\/index.php?rest_route=\/wp\/v2\/types\/post"}],"author":[{"embeddable":true,"href":"https:\/\/wgphoto.pl\/t\/index.php?rest_route=\/wp\/v2\/users\/1"}],"replies":[{"embeddable":true,"href":"https:\/\/wgphoto.pl\/t\/index.php?rest_route=%2Fwp%2Fv2%2Fcomments&post=15444"}],"version-history":[{"count":1,"href":"https:\/\/wgphoto.pl\/t\/index.php?rest_route=\/wp\/v2\/posts\/15444\/revisions"}],"predecessor-version":[{"id":15446,"href":"https:\/\/wgphoto.pl\/t\/index.php?rest_route=\/wp\/v2\/posts\/15444\/revisions\/15446"}],"wp:featuredmedia":[{"embeddable":true,"href":"https:\/\/wgphoto.pl\/t\/index.php?rest_route=\/wp\/v2\/media\/15445"}],"wp:attachment":[{"href":"https:\/\/wgphoto.pl\/t\/index.php?rest_route=%2Fwp%2Fv2%2Fmedia&parent=15444"}],"wp:term":[{"taxonomy":"category","embeddable":true,"href":"https:\/\/wgphoto.pl\/t\/index.php?rest_route=%2Fwp%2Fv2%2Fcategories&post=15444"},{"taxonomy":"post_tag","embeddable":true,"href":"https:\/\/wgphoto.pl\/t\/index.php?rest_route=%2Fwp%2Fv2%2Ftags&post=15444"}],"curies":[{"name":"wp","href":"https:\/\/api.w.org\/{rel}","templated":true}]}}