{"id":15447,"date":"2025-04-06T16:10:15","date_gmt":"2025-04-06T14:10:15","guid":{"rendered":"https:\/\/wgphoto.pl\/t\/?p=15447"},"modified":"2025-04-06T16:10:15","modified_gmt":"2025-04-06T14:10:15","slug":"st44-pod-sniezka","status":"publish","type":"post","link":"https:\/\/wgphoto.pl\/t\/?p=15447","title":{"rendered":"ST44 pod \u015anie\u017ck\u0105"},"content":{"rendered":"\n<figure class=\"wp-block-image aligncenter size-full\"><img loading=\"lazy\" decoding=\"async\" width=\"1200\" height=\"795\" src=\"https:\/\/wgphoto.pl\/t\/wp-content\/uploads\/2025\/04\/IMGP1939.jpg\" alt=\"\" class=\"wp-image-15448\" srcset=\"https:\/\/wgphoto.pl\/t\/wp-content\/uploads\/2025\/04\/IMGP1939.jpg 1200w, https:\/\/wgphoto.pl\/t\/wp-content\/uploads\/2025\/04\/IMGP1939-300x199.jpg 300w, https:\/\/wgphoto.pl\/t\/wp-content\/uploads\/2025\/04\/IMGP1939-768x509.jpg 768w\" sizes=\"auto, (max-width: 1200px) 100vw, 1200px\" \/><\/figure>\n\n\n\n<div class=\"wp-block-group has-global-padding is-layout-constrained wp-block-group-is-layout-constrained\">\n<p>Gagarin z w\u0119glarkami, jad\u0105cy zapewne do Kamiennej G\u00f3ry, minie zaraz kaplic\u0119 \u015aw. Anny, stoj\u0105c\u0105 na zboczu g\u00f3ry M\u0142ynarki (539 m n.p.m.). W tle widoczne s\u0105 Karkonosze ze \u015anie\u017ck\u0105, oddalon\u0105 st\u0105d o oko\u0142o 30 km. 22.06.2017<\/p>\n<\/div>\n","protected":false},"excerpt":{"rendered":"<p>Gagarin z w\u0119glarkami, jad\u0105cy zapewne do Kamiennej G\u00f3ry, minie zaraz kaplic\u0119 \u015aw. Anny, stoj\u0105c\u0105 na zboczu g\u00f3ry M\u0142ynarki (539 m n.p.m.). W tle widoczne s\u0105 Karkonosze ze \u015anie\u017ck\u0105, oddalon\u0105 st\u0105d o oko\u0142o 30 km. 22.06.2017<\/p>\n","protected":false},"author":1,"featured_media":15448,"comment_status":"open","ping_status":"","sticky":false,"template":"","format":"standard","meta":{"footnotes":""},"categories":[2,368],"tags":[3600,114,113,63,27,1061,530,200,1433],"class_list":["post-15447","post","type-post","status-publish","format-standard","has-post-thumbnail","hentry","category-kolej","category-rok-2017","tag-2017-06-22","tag-gory","tag-landszaft","tag-pkp","tag-polska","tag-sedzislaw","tag-st44","tag-tab-pl240","tag-witkow-slaski"],"_links":{"self":[{"href":"https:\/\/wgphoto.pl\/t\/index.php?rest_route=\/wp\/v2\/posts\/15447","targetHints":{"allow":["GET"]}}],"collection":[{"href":"https:\/\/wgphoto.pl\/t\/index.php?rest_route=\/wp\/v2\/posts"}],"about":[{"href":"https:\/\/wgphoto.pl\/t\/index.php?rest_route=\/wp\/v2\/types\/post"}],"author":[{"embeddable":true,"href":"https:\/\/wgphoto.pl\/t\/index.php?rest_route=\/wp\/v2\/users\/1"}],"replies":[{"embeddable":true,"href":"https:\/\/wgphoto.pl\/t\/index.php?rest_route=%2Fwp%2Fv2%2Fcomments&post=15447"}],"version-history":[{"count":1,"href":"https:\/\/wgphoto.pl\/t\/index.php?rest_route=\/wp\/v2\/posts\/15447\/revisions"}],"predecessor-version":[{"id":15449,"href":"https:\/\/wgphoto.pl\/t\/index.php?rest_route=\/wp\/v2\/posts\/15447\/revisions\/15449"}],"wp:featuredmedia":[{"embeddable":true,"href":"https:\/\/wgphoto.pl\/t\/index.php?rest_route=\/wp\/v2\/media\/15448"}],"wp:attachment":[{"href":"https:\/\/wgphoto.pl\/t\/index.php?rest_route=%2Fwp%2Fv2%2Fmedia&parent=15447"}],"wp:term":[{"taxonomy":"category","embeddable":true,"href":"https:\/\/wgphoto.pl\/t\/index.php?rest_route=%2Fwp%2Fv2%2Fcategories&post=15447"},{"taxonomy":"post_tag","embeddable":true,"href":"https:\/\/wgphoto.pl\/t\/index.php?rest_route=%2Fwp%2Fv2%2Ftags&post=15447"}],"curies":[{"name":"wp","href":"https:\/\/api.w.org\/{rel}","templated":true}]}}