{"id":15468,"date":"2025-04-06T20:05:18","date_gmt":"2025-04-06T18:05:18","guid":{"rendered":"https:\/\/wgphoto.pl\/t\/?p=15468"},"modified":"2025-04-06T20:05:18","modified_gmt":"2025-04-06T18:05:18","slug":"wilhelminaplein","status":"publish","type":"post","link":"https:\/\/wgphoto.pl\/t\/?p=15468","title":{"rendered":"Wilhelminaplein"},"content":{"rendered":"\n<figure class=\"wp-block-image aligncenter size-full\"><img loading=\"lazy\" decoding=\"async\" width=\"1200\" height=\"795\" src=\"https:\/\/wgphoto.pl\/t\/wp-content\/uploads\/2025\/04\/IMGP1239.jpg\" alt=\"\" class=\"wp-image-15469\" srcset=\"https:\/\/wgphoto.pl\/t\/wp-content\/uploads\/2025\/04\/IMGP1239.jpg 1200w, https:\/\/wgphoto.pl\/t\/wp-content\/uploads\/2025\/04\/IMGP1239-300x199.jpg 300w, https:\/\/wgphoto.pl\/t\/wp-content\/uploads\/2025\/04\/IMGP1239-768x509.jpg 768w\" sizes=\"auto, (max-width: 1200px) 100vw, 1200px\" \/><\/figure>\n\n\n\n<div class=\"wp-block-group has-global-padding is-layout-constrained wp-block-group-is-layout-constrained\">\n<p>Ostatnia stacja w lewobrze\u017cnej cz\u0119\u015bci miasta zlokalizowana jest tu\u017c przed przekroczeniem Nowej Mozy. Z uwagi na ruch morskich statk\u00f3w, koryto rzeki jest g\u0142\u0119bokie, poci\u0105gi metra musz\u0105 wi\u0119c zjecha\u0107 na kr\u00f3tkim odcinku z estakady oko\u0142o 30 metr\u00f3w pod ziemi\u0119. Perony po\u0142o\u017cone s\u0105 na sporym pochyleniu pod\u0142u\u017cnym (chocia\u017c na zdj\u0119ciu nie bardzo to wida\u0107), o czym informuj\u0105 r\u00f3wnie\u017c g\u0142osowe zapowiedzi. 02.05.2017<\/p>\n<\/div>\n","protected":false},"excerpt":{"rendered":"<p>Ostatnia stacja w lewobrze\u017cnej cz\u0119\u015bci miasta zlokalizowana jest tu\u017c przed przekroczeniem Nowej Mozy. Z uwagi na ruch morskich statk\u00f3w, koryto rzeki jest g\u0142\u0119bokie, poci\u0105gi metra musz\u0105 wi\u0119c zjecha\u0107 na kr\u00f3tkim odcinku z estakady oko\u0142o 30 metr\u00f3w pod ziemi\u0119. Perony po\u0142o\u017cone s\u0105 na sporym pochyleniu pod\u0142u\u017cnym (chocia\u017c na zdj\u0119ciu nie bardzo to wida\u0107), o czym informuj\u0105 [&hellip;]<\/p>\n","protected":false},"author":1,"featured_media":15469,"comment_status":"open","ping_status":"","sticky":false,"template":"","format":"standard","meta":{"footnotes":""},"categories":[4,368],"tags":[376,370,787,374,375,3602,15],"class_list":["post-15468","post","type-post","status-publish","format-standard","has-post-thumbnail","hentry","category-metro","category-rok-2017","tag-2017-05-02","tag-holandia","tag-majowka-2017-2","tag-ret-rotterdam","tag-rotterdam","tag-rotterdamse-metro","tag-tunel"],"_links":{"self":[{"href":"https:\/\/wgphoto.pl\/t\/index.php?rest_route=\/wp\/v2\/posts\/15468","targetHints":{"allow":["GET"]}}],"collection":[{"href":"https:\/\/wgphoto.pl\/t\/index.php?rest_route=\/wp\/v2\/posts"}],"about":[{"href":"https:\/\/wgphoto.pl\/t\/index.php?rest_route=\/wp\/v2\/types\/post"}],"author":[{"embeddable":true,"href":"https:\/\/wgphoto.pl\/t\/index.php?rest_route=\/wp\/v2\/users\/1"}],"replies":[{"embeddable":true,"href":"https:\/\/wgphoto.pl\/t\/index.php?rest_route=%2Fwp%2Fv2%2Fcomments&post=15468"}],"version-history":[{"count":1,"href":"https:\/\/wgphoto.pl\/t\/index.php?rest_route=\/wp\/v2\/posts\/15468\/revisions"}],"predecessor-version":[{"id":15470,"href":"https:\/\/wgphoto.pl\/t\/index.php?rest_route=\/wp\/v2\/posts\/15468\/revisions\/15470"}],"wp:featuredmedia":[{"embeddable":true,"href":"https:\/\/wgphoto.pl\/t\/index.php?rest_route=\/wp\/v2\/media\/15469"}],"wp:attachment":[{"href":"https:\/\/wgphoto.pl\/t\/index.php?rest_route=%2Fwp%2Fv2%2Fmedia&parent=15468"}],"wp:term":[{"taxonomy":"category","embeddable":true,"href":"https:\/\/wgphoto.pl\/t\/index.php?rest_route=%2Fwp%2Fv2%2Fcategories&post=15468"},{"taxonomy":"post_tag","embeddable":true,"href":"https:\/\/wgphoto.pl\/t\/index.php?rest_route=%2Fwp%2Fv2%2Ftags&post=15468"}],"curies":[{"name":"wp","href":"https:\/\/api.w.org\/{rel}","templated":true}]}}