{"id":15492,"date":"2025-04-06T20:12:59","date_gmt":"2025-04-06T18:12:59","guid":{"rendered":"https:\/\/wgphoto.pl\/t\/?p=15492"},"modified":"2025-04-06T20:12:59","modified_gmt":"2025-04-06T18:12:59","slug":"przed-odjazdem-do-trzemosznicy","status":"publish","type":"post","link":"https:\/\/wgphoto.pl\/t\/?p=15492","title":{"rendered":"Przed odjazdem do Trzemosznicy"},"content":{"rendered":"\n<figure class=\"wp-block-image aligncenter size-full\"><img loading=\"lazy\" decoding=\"async\" width=\"1200\" height=\"675\" src=\"https:\/\/wgphoto.pl\/t\/wp-content\/uploads\/2025\/04\/IMGP8756.jpg\" alt=\"\" class=\"wp-image-15493\" srcset=\"https:\/\/wgphoto.pl\/t\/wp-content\/uploads\/2025\/04\/IMGP8756.jpg 1200w, https:\/\/wgphoto.pl\/t\/wp-content\/uploads\/2025\/04\/IMGP8756-300x169.jpg 300w, https:\/\/wgphoto.pl\/t\/wp-content\/uploads\/2025\/04\/IMGP8756-768x432.jpg 768w\" sizes=\"auto, (max-width: 1200px) 100vw, 1200px\" \/><\/figure>\n\n\n\n<div class=\"wp-block-group has-global-padding is-layout-constrained wp-block-group-is-layout-constrained\">\n<p>Motorak za par\u0119 minut odjedzie ze stacji pocz\u0105tkowej jako Os 15923 relacji \u010c\u00e1slav &#8211; T\u0159emo\u0161nice. K\u0142adk\u0105 widoczn\u0105 w tle mo\u017cna doj\u015b\u0107 do budynku i na perony &#8222;du\u017cego&#8221; dworca. 20.06.2012<\/p>\n<\/div>\n","protected":false},"excerpt":{"rendered":"<p>Motorak za par\u0119 minut odjedzie ze stacji pocz\u0105tkowej jako Os 15923 relacji \u010c\u00e1slav &#8211; T\u0159emo\u0161nice. K\u0142adk\u0105 widoczn\u0105 w tle mo\u017cna doj\u015b\u0107 do budynku i na perony &#8222;du\u017cego&#8221; dworca. 20.06.2012<\/p>\n","protected":false},"author":1,"featured_media":15493,"comment_status":"open","ping_status":"","sticky":false,"template":"","format":"standard","meta":{"footnotes":""},"categories":[2,46],"tags":[1733,92,2452,50,49,196,1734],"class_list":["post-15492","post","type-post","status-publish","format-standard","has-post-thumbnail","hentry","category-kolej","category-rok-2012","tag-2012-06-20","tag-92","tag-caslav","tag-cd","tag-czechy","tag-linie-raczej-lokalne","tag-tab-cz236"],"_links":{"self":[{"href":"https:\/\/wgphoto.pl\/t\/index.php?rest_route=\/wp\/v2\/posts\/15492","targetHints":{"allow":["GET"]}}],"collection":[{"href":"https:\/\/wgphoto.pl\/t\/index.php?rest_route=\/wp\/v2\/posts"}],"about":[{"href":"https:\/\/wgphoto.pl\/t\/index.php?rest_route=\/wp\/v2\/types\/post"}],"author":[{"embeddable":true,"href":"https:\/\/wgphoto.pl\/t\/index.php?rest_route=\/wp\/v2\/users\/1"}],"replies":[{"embeddable":true,"href":"https:\/\/wgphoto.pl\/t\/index.php?rest_route=%2Fwp%2Fv2%2Fcomments&post=15492"}],"version-history":[{"count":1,"href":"https:\/\/wgphoto.pl\/t\/index.php?rest_route=\/wp\/v2\/posts\/15492\/revisions"}],"predecessor-version":[{"id":15494,"href":"https:\/\/wgphoto.pl\/t\/index.php?rest_route=\/wp\/v2\/posts\/15492\/revisions\/15494"}],"wp:featuredmedia":[{"embeddable":true,"href":"https:\/\/wgphoto.pl\/t\/index.php?rest_route=\/wp\/v2\/media\/15493"}],"wp:attachment":[{"href":"https:\/\/wgphoto.pl\/t\/index.php?rest_route=%2Fwp%2Fv2%2Fmedia&parent=15492"}],"wp:term":[{"taxonomy":"category","embeddable":true,"href":"https:\/\/wgphoto.pl\/t\/index.php?rest_route=%2Fwp%2Fv2%2Fcategories&post=15492"},{"taxonomy":"post_tag","embeddable":true,"href":"https:\/\/wgphoto.pl\/t\/index.php?rest_route=%2Fwp%2Fv2%2Ftags&post=15492"}],"curies":[{"name":"wp","href":"https:\/\/api.w.org\/{rel}","templated":true}]}}