{"id":15495,"date":"2025-04-06T20:14:03","date_gmt":"2025-04-06T18:14:03","guid":{"rendered":"https:\/\/wgphoto.pl\/t\/?p=15495"},"modified":"2025-04-06T20:14:03","modified_gmt":"2025-04-06T18:14:03","slug":"zimowy-krokodyl","status":"publish","type":"post","link":"https:\/\/wgphoto.pl\/t\/?p=15495","title":{"rendered":"Zimowy krokodyl"},"content":{"rendered":"\n<figure class=\"wp-block-image aligncenter size-full\"><img loading=\"lazy\" decoding=\"async\" width=\"1200\" height=\"803\" src=\"https:\/\/wgphoto.pl\/t\/wp-content\/uploads\/2025\/04\/IMGP1887.jpg\" alt=\"\" class=\"wp-image-15496\" srcset=\"https:\/\/wgphoto.pl\/t\/wp-content\/uploads\/2025\/04\/IMGP1887.jpg 1200w, https:\/\/wgphoto.pl\/t\/wp-content\/uploads\/2025\/04\/IMGP1887-300x201.jpg 300w, https:\/\/wgphoto.pl\/t\/wp-content\/uploads\/2025\/04\/IMGP1887-768x514.jpg 768w\" sizes=\"auto, (max-width: 1200px) 100vw, 1200px\" \/><\/figure>\n\n\n\n<div class=\"wp-block-group has-global-padding is-layout-constrained wp-block-group-is-layout-constrained\">\n<p>Osob\u00f3wka do Jesen\u00edka wymin\u0119\u0142a w Ostru\u017enej sk\u0142ad oczekuj\u0105cy na popo\u0142udniowy powr\u00f3t do Opola. Oba widoczne typy pojazd\u00f3w trakcyjnych ju\u017c praktycznie znikn\u0119\u0142y z ruchu pasa\u017cerskiego w Czechach. Chyba jedynie bardotki pojawiaj\u0105 si\u0119 jeszcze od wielkiego dzwonu, natomiast sympatyczne rupiecie serii 851 ju\u017c nie kursuj\u0105 wcale. 2010-02-14<\/p>\n<\/div>\n","protected":false},"excerpt":{"rendered":"<p>Osob\u00f3wka do Jesen\u00edka wymin\u0119\u0142a w Ostru\u017enej sk\u0142ad oczekuj\u0105cy na popo\u0142udniowy powr\u00f3t do Opola. Oba widoczne typy pojazd\u00f3w trakcyjnych ju\u017c praktycznie znikn\u0119\u0142y z ruchu pasa\u017cerskiego w Czechach. Chyba jedynie bardotki pojawiaj\u0105 si\u0119 jeszcze od wielkiego dzwonu, natomiast sympatyczne rupiecie serii 851 ju\u017c nie kursuj\u0105 wcale. 2010-02-14<\/p>\n","protected":false},"author":1,"featured_media":15496,"comment_status":"open","ping_status":"","sticky":false,"template":"","format":"standard","meta":{"footnotes":""},"categories":[2,86],"tags":[913,1058,285,50,49,911,167],"class_list":["post-15495","post","type-post","status-publish","format-standard","has-post-thumbnail","hentry","category-kolej","category-rok-2010","tag-2010-02-14","tag-1058","tag-285","tag-cd","tag-czechy","tag-ostruzna","tag-tab-cz292"],"_links":{"self":[{"href":"https:\/\/wgphoto.pl\/t\/index.php?rest_route=\/wp\/v2\/posts\/15495","targetHints":{"allow":["GET"]}}],"collection":[{"href":"https:\/\/wgphoto.pl\/t\/index.php?rest_route=\/wp\/v2\/posts"}],"about":[{"href":"https:\/\/wgphoto.pl\/t\/index.php?rest_route=\/wp\/v2\/types\/post"}],"author":[{"embeddable":true,"href":"https:\/\/wgphoto.pl\/t\/index.php?rest_route=\/wp\/v2\/users\/1"}],"replies":[{"embeddable":true,"href":"https:\/\/wgphoto.pl\/t\/index.php?rest_route=%2Fwp%2Fv2%2Fcomments&post=15495"}],"version-history":[{"count":1,"href":"https:\/\/wgphoto.pl\/t\/index.php?rest_route=\/wp\/v2\/posts\/15495\/revisions"}],"predecessor-version":[{"id":15497,"href":"https:\/\/wgphoto.pl\/t\/index.php?rest_route=\/wp\/v2\/posts\/15495\/revisions\/15497"}],"wp:featuredmedia":[{"embeddable":true,"href":"https:\/\/wgphoto.pl\/t\/index.php?rest_route=\/wp\/v2\/media\/15496"}],"wp:attachment":[{"href":"https:\/\/wgphoto.pl\/t\/index.php?rest_route=%2Fwp%2Fv2%2Fmedia&parent=15495"}],"wp:term":[{"taxonomy":"category","embeddable":true,"href":"https:\/\/wgphoto.pl\/t\/index.php?rest_route=%2Fwp%2Fv2%2Fcategories&post=15495"},{"taxonomy":"post_tag","embeddable":true,"href":"https:\/\/wgphoto.pl\/t\/index.php?rest_route=%2Fwp%2Fv2%2Ftags&post=15495"}],"curies":[{"name":"wp","href":"https:\/\/api.w.org\/{rel}","templated":true}]}}