{"id":15501,"date":"2025-04-06T20:16:20","date_gmt":"2025-04-06T18:16:20","guid":{"rendered":"https:\/\/wgphoto.pl\/t\/?p=15501"},"modified":"2025-04-06T20:16:20","modified_gmt":"2025-04-06T18:16:20","slug":"skjoldskiftet","status":"publish","type":"post","link":"https:\/\/wgphoto.pl\/t\/?p=15501","title":{"rendered":"Skjoldskiftet"},"content":{"rendered":"\n<figure class=\"wp-block-image aligncenter size-full\"><img loading=\"lazy\" decoding=\"async\" width=\"1200\" height=\"803\" src=\"https:\/\/wgphoto.pl\/t\/wp-content\/uploads\/2025\/04\/IMGP5202.jpg\" alt=\"\" class=\"wp-image-15502\" srcset=\"https:\/\/wgphoto.pl\/t\/wp-content\/uploads\/2025\/04\/IMGP5202.jpg 1200w, https:\/\/wgphoto.pl\/t\/wp-content\/uploads\/2025\/04\/IMGP5202-300x201.jpg 300w, https:\/\/wgphoto.pl\/t\/wp-content\/uploads\/2025\/04\/IMGP5202-768x514.jpg 768w\" sizes=\"auto, (max-width: 1200px) 100vw, 1200px\" \/><\/figure>\n\n\n\n<div class=\"wp-block-group has-global-padding is-layout-constrained wp-block-group-is-layout-constrained\">\n<p>Jeden z wielu \u0142adnych widok\u00f3w, w jakich mo\u017cna sfotografowa\u0107 Bybanen, a na pierwszym planie jeszcze l\u015bni\u0105cy czysto\u015bci\u0105, bo otwarty do ruchu dwa miesi\u0105ce wcze\u015bniej, przystanek o tytu\u0142owej nazwie. Wz\u00f3r do na\u015bladowania &#8211; sp\u00f3jna identyfikacja wizualna przystank\u00f3w i pojazd\u00f3w najwyra\u017aniej nie jest Norwegom obca. 23.08.2013<\/p>\n<\/div>\n","protected":false},"excerpt":{"rendered":"<p>Jeden z wielu \u0142adnych widok\u00f3w, w jakich mo\u017cna sfotografowa\u0107 Bybanen, a na pierwszym planie jeszcze l\u015bni\u0105cy czysto\u015bci\u0105, bo otwarty do ruchu dwa miesi\u0105ce wcze\u015bniej, przystanek o tytu\u0142owej nazwie. Wz\u00f3r do na\u015bladowania &#8211; sp\u00f3jna identyfikacja wizualna przystank\u00f3w i pojazd\u00f3w najwyra\u017aniej nie jest Norwegom obca. 23.08.2013<\/p>\n","protected":false},"author":1,"featured_media":15502,"comment_status":"open","ping_status":"","sticky":false,"template":"","format":"standard","meta":{"footnotes":""},"categories":[55,3],"tags":[727,724,725,78,219,726],"class_list":["post-15501","post","type-post","status-publish","format-standard","has-post-thumbnail","hentry","category-rok-2013","category-tramwaj","tag-2013-08-23","tag-bergen","tag-bybanen-bergen","tag-norwegia","tag-przystanek","tag-variobahn"],"_links":{"self":[{"href":"https:\/\/wgphoto.pl\/t\/index.php?rest_route=\/wp\/v2\/posts\/15501","targetHints":{"allow":["GET"]}}],"collection":[{"href":"https:\/\/wgphoto.pl\/t\/index.php?rest_route=\/wp\/v2\/posts"}],"about":[{"href":"https:\/\/wgphoto.pl\/t\/index.php?rest_route=\/wp\/v2\/types\/post"}],"author":[{"embeddable":true,"href":"https:\/\/wgphoto.pl\/t\/index.php?rest_route=\/wp\/v2\/users\/1"}],"replies":[{"embeddable":true,"href":"https:\/\/wgphoto.pl\/t\/index.php?rest_route=%2Fwp%2Fv2%2Fcomments&post=15501"}],"version-history":[{"count":1,"href":"https:\/\/wgphoto.pl\/t\/index.php?rest_route=\/wp\/v2\/posts\/15501\/revisions"}],"predecessor-version":[{"id":15503,"href":"https:\/\/wgphoto.pl\/t\/index.php?rest_route=\/wp\/v2\/posts\/15501\/revisions\/15503"}],"wp:featuredmedia":[{"embeddable":true,"href":"https:\/\/wgphoto.pl\/t\/index.php?rest_route=\/wp\/v2\/media\/15502"}],"wp:attachment":[{"href":"https:\/\/wgphoto.pl\/t\/index.php?rest_route=%2Fwp%2Fv2%2Fmedia&parent=15501"}],"wp:term":[{"taxonomy":"category","embeddable":true,"href":"https:\/\/wgphoto.pl\/t\/index.php?rest_route=%2Fwp%2Fv2%2Fcategories&post=15501"},{"taxonomy":"post_tag","embeddable":true,"href":"https:\/\/wgphoto.pl\/t\/index.php?rest_route=%2Fwp%2Fv2%2Ftags&post=15501"}],"curies":[{"name":"wp","href":"https:\/\/api.w.org\/{rel}","templated":true}]}}