{"id":15504,"date":"2025-04-06T20:17:13","date_gmt":"2025-04-06T18:17:13","guid":{"rendered":"https:\/\/wgphoto.pl\/t\/?p=15504"},"modified":"2025-04-06T20:17:13","modified_gmt":"2025-04-06T18:17:13","slug":"ulriken","status":"publish","type":"post","link":"https:\/\/wgphoto.pl\/t\/?p=15504","title":{"rendered":"Ulriken"},"content":{"rendered":"\n<figure class=\"wp-block-image aligncenter size-full\"><img loading=\"lazy\" decoding=\"async\" width=\"1200\" height=\"803\" src=\"https:\/\/wgphoto.pl\/t\/wp-content\/uploads\/2025\/04\/IMGP5237.jpg\" alt=\"\" class=\"wp-image-15505\" srcset=\"https:\/\/wgphoto.pl\/t\/wp-content\/uploads\/2025\/04\/IMGP5237.jpg 1200w, https:\/\/wgphoto.pl\/t\/wp-content\/uploads\/2025\/04\/IMGP5237-300x201.jpg 300w, https:\/\/wgphoto.pl\/t\/wp-content\/uploads\/2025\/04\/IMGP5237-768x514.jpg 768w\" sizes=\"auto, (max-width: 1200px) 100vw, 1200px\" \/><\/figure>\n\n\n\n<div class=\"wp-block-group has-global-padding is-layout-constrained wp-block-group-is-layout-constrained\">\n<p>Tramwaj min\u0105\u0142 dworzec kolejowy, kt\u00f3rego hala peronowa widoczna jest w tle, i zbli\u017ca si\u0119 do \u015br\u00f3dmiejskiego kra\u0144ca trasy. Nad okolic\u0105 g\u00f3ruje szczyt Ulriken (643 m n.p.m.). 23.08.2013<\/p>\n<\/div>\n","protected":false},"excerpt":{"rendered":"<p>Tramwaj min\u0105\u0142 dworzec kolejowy, kt\u00f3rego hala peronowa widoczna jest w tle, i zbli\u017ca si\u0119 do \u015br\u00f3dmiejskiego kra\u0144ca trasy. Nad okolic\u0105 g\u00f3ruje szczyt Ulriken (643 m n.p.m.). 23.08.2013<\/p>\n","protected":false},"author":1,"featured_media":15505,"comment_status":"open","ping_status":"","sticky":false,"template":"","format":"standard","meta":{"footnotes":""},"categories":[55,3],"tags":[727,34,724,725,114,78,726],"class_list":["post-15504","post","type-post","status-publish","format-standard","has-post-thumbnail","hentry","category-rok-2013","category-tramwaj","tag-2013-08-23","tag-architektura","tag-bergen","tag-bybanen-bergen","tag-gory","tag-norwegia","tag-variobahn"],"_links":{"self":[{"href":"https:\/\/wgphoto.pl\/t\/index.php?rest_route=\/wp\/v2\/posts\/15504","targetHints":{"allow":["GET"]}}],"collection":[{"href":"https:\/\/wgphoto.pl\/t\/index.php?rest_route=\/wp\/v2\/posts"}],"about":[{"href":"https:\/\/wgphoto.pl\/t\/index.php?rest_route=\/wp\/v2\/types\/post"}],"author":[{"embeddable":true,"href":"https:\/\/wgphoto.pl\/t\/index.php?rest_route=\/wp\/v2\/users\/1"}],"replies":[{"embeddable":true,"href":"https:\/\/wgphoto.pl\/t\/index.php?rest_route=%2Fwp%2Fv2%2Fcomments&post=15504"}],"version-history":[{"count":1,"href":"https:\/\/wgphoto.pl\/t\/index.php?rest_route=\/wp\/v2\/posts\/15504\/revisions"}],"predecessor-version":[{"id":15506,"href":"https:\/\/wgphoto.pl\/t\/index.php?rest_route=\/wp\/v2\/posts\/15504\/revisions\/15506"}],"wp:featuredmedia":[{"embeddable":true,"href":"https:\/\/wgphoto.pl\/t\/index.php?rest_route=\/wp\/v2\/media\/15505"}],"wp:attachment":[{"href":"https:\/\/wgphoto.pl\/t\/index.php?rest_route=%2Fwp%2Fv2%2Fmedia&parent=15504"}],"wp:term":[{"taxonomy":"category","embeddable":true,"href":"https:\/\/wgphoto.pl\/t\/index.php?rest_route=%2Fwp%2Fv2%2Fcategories&post=15504"},{"taxonomy":"post_tag","embeddable":true,"href":"https:\/\/wgphoto.pl\/t\/index.php?rest_route=%2Fwp%2Fv2%2Ftags&post=15504"}],"curies":[{"name":"wp","href":"https:\/\/api.w.org\/{rel}","templated":true}]}}