{"id":15510,"date":"2025-04-06T20:19:00","date_gmt":"2025-04-06T18:19:00","guid":{"rendered":"https:\/\/wgphoto.pl\/t\/?p=15510"},"modified":"2025-12-21T20:26:03","modified_gmt":"2025-12-21T19:26:03","slug":"mercedes-na-olbinie","status":"publish","type":"post","link":"https:\/\/wgphoto.pl\/t\/?p=15510","title":{"rendered":"Mercedes na O\u0142binie"},"content":{"rendered":"\n<figure class=\"wp-block-image aligncenter size-full\"><img loading=\"lazy\" decoding=\"async\" width=\"1200\" height=\"795\" src=\"https:\/\/wgphoto.pl\/t\/wp-content\/uploads\/2025\/04\/IMGP2135.jpg\" alt=\"\" class=\"wp-image-15511\" srcset=\"https:\/\/wgphoto.pl\/t\/wp-content\/uploads\/2025\/04\/IMGP2135.jpg 1200w, https:\/\/wgphoto.pl\/t\/wp-content\/uploads\/2025\/04\/IMGP2135-300x199.jpg 300w, https:\/\/wgphoto.pl\/t\/wp-content\/uploads\/2025\/04\/IMGP2135-768x509.jpg 768w\" sizes=\"auto, (max-width: 1200px) 100vw, 1200px\" \/><\/figure>\n\n\n\n<div class=\"wp-block-group has-global-padding is-layout-constrained wp-block-group-is-layout-constrained\">\n<p>Moderus na O\u0142binie &#8211; uj\u0119cie drugie, z hal\u0105. Aktualnie urz\u0119duj\u0105cy brygadzista zezna\u0142, \u017ce pierwszy raz widzi na swojej zajezdni takiego mercedesa. Jeszcze kilku innych mechanik\u00f3w zlecia\u0142o si\u0119 aby obejrze\u0107 to cudo na miar\u0119 naszych mo\u017cliwo\u015bci. 25.07.2017<\/p>\n<\/div>\n","protected":false},"excerpt":{"rendered":"<p>Moderus na O\u0142binie &#8211; uj\u0119cie drugie, z hal\u0105. Aktualnie urz\u0119duj\u0105cy brygadzista zezna\u0142, \u017ce pierwszy raz widzi na swojej zajezdni takiego mercedesa. Jeszcze kilku innych mechanik\u00f3w zlecia\u0142o si\u0119 aby obejrze\u0107 to cudo na miar\u0119 naszych mo\u017cliwo\u015bci. 25.07.2017<\/p>\n","protected":false},"author":1,"featured_media":15511,"comment_status":"open","ping_status":"","sticky":false,"template":"","format":"standard","meta":{"footnotes":""},"categories":[368,3],"tags":[3608,4603,501,42,27,439,90,41,138],"class_list":["post-15510","post","type-post","status-publish","format-standard","has-post-thumbnail","hentry","category-rok-2017","category-tramwaj","tag-2017-07-25","tag-mf19ac","tag-moderus-beta","tag-mpk-wroclaw","tag-polska","tag-we-fabryce","tag-wieczorem","tag-wroclaw","tag-zajezdnia"],"_links":{"self":[{"href":"https:\/\/wgphoto.pl\/t\/index.php?rest_route=\/wp\/v2\/posts\/15510","targetHints":{"allow":["GET"]}}],"collection":[{"href":"https:\/\/wgphoto.pl\/t\/index.php?rest_route=\/wp\/v2\/posts"}],"about":[{"href":"https:\/\/wgphoto.pl\/t\/index.php?rest_route=\/wp\/v2\/types\/post"}],"author":[{"embeddable":true,"href":"https:\/\/wgphoto.pl\/t\/index.php?rest_route=\/wp\/v2\/users\/1"}],"replies":[{"embeddable":true,"href":"https:\/\/wgphoto.pl\/t\/index.php?rest_route=%2Fwp%2Fv2%2Fcomments&post=15510"}],"version-history":[{"count":1,"href":"https:\/\/wgphoto.pl\/t\/index.php?rest_route=\/wp\/v2\/posts\/15510\/revisions"}],"predecessor-version":[{"id":15512,"href":"https:\/\/wgphoto.pl\/t\/index.php?rest_route=\/wp\/v2\/posts\/15510\/revisions\/15512"}],"wp:featuredmedia":[{"embeddable":true,"href":"https:\/\/wgphoto.pl\/t\/index.php?rest_route=\/wp\/v2\/media\/15511"}],"wp:attachment":[{"href":"https:\/\/wgphoto.pl\/t\/index.php?rest_route=%2Fwp%2Fv2%2Fmedia&parent=15510"}],"wp:term":[{"taxonomy":"category","embeddable":true,"href":"https:\/\/wgphoto.pl\/t\/index.php?rest_route=%2Fwp%2Fv2%2Fcategories&post=15510"},{"taxonomy":"post_tag","embeddable":true,"href":"https:\/\/wgphoto.pl\/t\/index.php?rest_route=%2Fwp%2Fv2%2Ftags&post=15510"}],"curies":[{"name":"wp","href":"https:\/\/api.w.org\/{rel}","templated":true}]}}