{"id":15513,"date":"2025-04-06T20:20:02","date_gmt":"2025-04-06T18:20:02","guid":{"rendered":"https:\/\/wgphoto.pl\/t\/?p=15513"},"modified":"2025-12-21T20:25:52","modified_gmt":"2025-12-21T19:25:52","slug":"nie-pomylilem","status":"publish","type":"post","link":"https:\/\/wgphoto.pl\/t\/?p=15513","title":{"rendered":"Nie pomyli\u0142em"},"content":{"rendered":"\n<figure class=\"wp-block-image aligncenter size-full\"><img loading=\"lazy\" decoding=\"async\" width=\"1200\" height=\"795\" src=\"https:\/\/wgphoto.pl\/t\/wp-content\/uploads\/2025\/04\/IMGP2129.jpg\" alt=\"\" class=\"wp-image-15514\" srcset=\"https:\/\/wgphoto.pl\/t\/wp-content\/uploads\/2025\/04\/IMGP2129.jpg 1200w, https:\/\/wgphoto.pl\/t\/wp-content\/uploads\/2025\/04\/IMGP2129-300x199.jpg 300w, https:\/\/wgphoto.pl\/t\/wp-content\/uploads\/2025\/04\/IMGP2129-768x509.jpg 768w\" sizes=\"auto, (max-width: 1200px) 100vw, 1200px\" \/><\/figure>\n\n\n\n<div class=\"wp-block-group has-global-padding is-layout-constrained wp-block-group-is-layout-constrained\">\n<p>&#8211; Nie pomyli\u0142e\u015b przypadkiem zajezdni? &#8211; Nie, przyjecha\u0142em tutaj specjalnie, bo mam st\u0105d bli\u017cej do domu. Brygada 23, obs\u0142ugiwana przez zajezdni\u0119 Gaj, zgodnie z rozk\u0142adem zjecha\u0142a na zajezdni\u0119 O\u0142bin. 25.07.2017<\/p>\n<\/div>\n","protected":false},"excerpt":{"rendered":"<p>&#8211; Nie pomyli\u0142e\u015b przypadkiem zajezdni? &#8211; Nie, przyjecha\u0142em tutaj specjalnie, bo mam st\u0105d bli\u017cej do domu. Brygada 23, obs\u0142ugiwana przez zajezdni\u0119 Gaj, zgodnie z rozk\u0142adem zjecha\u0142a na zajezdni\u0119 O\u0142bin. 25.07.2017<\/p>\n","protected":false},"author":1,"featured_media":15514,"comment_status":"open","ping_status":"","sticky":false,"template":"","format":"standard","meta":{"footnotes":""},"categories":[368,3],"tags":[3608,91,4603,501,42,27,439,41,138],"class_list":["post-15513","post","type-post","status-publish","format-standard","has-post-thumbnail","hentry","category-rok-2017","category-tramwaj","tag-2017-07-25","tag-blue-hour","tag-mf19ac","tag-moderus-beta","tag-mpk-wroclaw","tag-polska","tag-we-fabryce","tag-wroclaw","tag-zajezdnia"],"_links":{"self":[{"href":"https:\/\/wgphoto.pl\/t\/index.php?rest_route=\/wp\/v2\/posts\/15513","targetHints":{"allow":["GET"]}}],"collection":[{"href":"https:\/\/wgphoto.pl\/t\/index.php?rest_route=\/wp\/v2\/posts"}],"about":[{"href":"https:\/\/wgphoto.pl\/t\/index.php?rest_route=\/wp\/v2\/types\/post"}],"author":[{"embeddable":true,"href":"https:\/\/wgphoto.pl\/t\/index.php?rest_route=\/wp\/v2\/users\/1"}],"replies":[{"embeddable":true,"href":"https:\/\/wgphoto.pl\/t\/index.php?rest_route=%2Fwp%2Fv2%2Fcomments&post=15513"}],"version-history":[{"count":1,"href":"https:\/\/wgphoto.pl\/t\/index.php?rest_route=\/wp\/v2\/posts\/15513\/revisions"}],"predecessor-version":[{"id":15515,"href":"https:\/\/wgphoto.pl\/t\/index.php?rest_route=\/wp\/v2\/posts\/15513\/revisions\/15515"}],"wp:featuredmedia":[{"embeddable":true,"href":"https:\/\/wgphoto.pl\/t\/index.php?rest_route=\/wp\/v2\/media\/15514"}],"wp:attachment":[{"href":"https:\/\/wgphoto.pl\/t\/index.php?rest_route=%2Fwp%2Fv2%2Fmedia&parent=15513"}],"wp:term":[{"taxonomy":"category","embeddable":true,"href":"https:\/\/wgphoto.pl\/t\/index.php?rest_route=%2Fwp%2Fv2%2Fcategories&post=15513"},{"taxonomy":"post_tag","embeddable":true,"href":"https:\/\/wgphoto.pl\/t\/index.php?rest_route=%2Fwp%2Fv2%2Ftags&post=15513"}],"curies":[{"name":"wp","href":"https:\/\/api.w.org\/{rel}","templated":true}]}}