{"id":15516,"date":"2025-04-06T20:21:01","date_gmt":"2025-04-06T18:21:01","guid":{"rendered":"https:\/\/wgphoto.pl\/t\/?p=15516"},"modified":"2025-04-06T20:21:01","modified_gmt":"2025-04-06T18:21:01","slug":"su42-540","status":"publish","type":"post","link":"https:\/\/wgphoto.pl\/t\/?p=15516","title":{"rendered":"SU42-540"},"content":{"rendered":"\n<figure class=\"wp-block-image aligncenter size-full\"><img loading=\"lazy\" decoding=\"async\" width=\"1000\" height=\"663\" src=\"https:\/\/wgphoto.pl\/t\/wp-content\/uploads\/2025\/04\/0728-09.jpg\" alt=\"\" class=\"wp-image-15517\" srcset=\"https:\/\/wgphoto.pl\/t\/wp-content\/uploads\/2025\/04\/0728-09.jpg 1000w, https:\/\/wgphoto.pl\/t\/wp-content\/uploads\/2025\/04\/0728-09-300x199.jpg 300w, https:\/\/wgphoto.pl\/t\/wp-content\/uploads\/2025\/04\/0728-09-768x509.jpg 768w\" sizes=\"auto, (max-width: 1000px) 100vw, 1000px\" \/><\/figure>\n\n\n\n<div class=\"wp-block-group has-global-padding is-layout-constrained wp-block-group-is-layout-constrained\">\n<p>Poci\u0105g osobowy z Opola do Nysy opuszcza Szyd\u0142\u00f3w. 08.09.2007<\/p>\n<\/div>\n","protected":false},"excerpt":{"rendered":"<p>Poci\u0105g osobowy z Opola do Nysy opuszcza Szyd\u0142\u00f3w. 08.09.2007<\/p>\n","protected":false},"author":1,"featured_media":15517,"comment_status":"open","ping_status":"","sticky":false,"template":"","format":"standard","meta":{"footnotes":""},"categories":[62,2,96],"tags":[3609,288,63,27,250,53,314,312],"class_list":["post-15516","post","type-post","status-publish","format-standard","has-post-thumbnail","hentry","category-analog","category-kolej","category-rok-2007","tag-2007-09-08","tag-bipa","tag-pkp","tag-polska","tag-su42","tag-sygnalizacja-ksztaltowa","tag-szydlow","tag-tab-pl202"],"_links":{"self":[{"href":"https:\/\/wgphoto.pl\/t\/index.php?rest_route=\/wp\/v2\/posts\/15516","targetHints":{"allow":["GET"]}}],"collection":[{"href":"https:\/\/wgphoto.pl\/t\/index.php?rest_route=\/wp\/v2\/posts"}],"about":[{"href":"https:\/\/wgphoto.pl\/t\/index.php?rest_route=\/wp\/v2\/types\/post"}],"author":[{"embeddable":true,"href":"https:\/\/wgphoto.pl\/t\/index.php?rest_route=\/wp\/v2\/users\/1"}],"replies":[{"embeddable":true,"href":"https:\/\/wgphoto.pl\/t\/index.php?rest_route=%2Fwp%2Fv2%2Fcomments&post=15516"}],"version-history":[{"count":1,"href":"https:\/\/wgphoto.pl\/t\/index.php?rest_route=\/wp\/v2\/posts\/15516\/revisions"}],"predecessor-version":[{"id":15518,"href":"https:\/\/wgphoto.pl\/t\/index.php?rest_route=\/wp\/v2\/posts\/15516\/revisions\/15518"}],"wp:featuredmedia":[{"embeddable":true,"href":"https:\/\/wgphoto.pl\/t\/index.php?rest_route=\/wp\/v2\/media\/15517"}],"wp:attachment":[{"href":"https:\/\/wgphoto.pl\/t\/index.php?rest_route=%2Fwp%2Fv2%2Fmedia&parent=15516"}],"wp:term":[{"taxonomy":"category","embeddable":true,"href":"https:\/\/wgphoto.pl\/t\/index.php?rest_route=%2Fwp%2Fv2%2Fcategories&post=15516"},{"taxonomy":"post_tag","embeddable":true,"href":"https:\/\/wgphoto.pl\/t\/index.php?rest_route=%2Fwp%2Fv2%2Ftags&post=15516"}],"curies":[{"name":"wp","href":"https:\/\/api.w.org\/{rel}","templated":true}]}}