{"id":15519,"date":"2025-04-06T20:21:51","date_gmt":"2025-04-06T18:21:51","guid":{"rendered":"https:\/\/wgphoto.pl\/t\/?p=15519"},"modified":"2025-04-06T20:21:51","modified_gmt":"2025-04-06T18:21:51","slug":"w-poniedzialek","status":"publish","type":"post","link":"https:\/\/wgphoto.pl\/t\/?p=15519","title":{"rendered":"W poniedzia\u0142ek"},"content":{"rendered":"\n<figure class=\"wp-block-image aligncenter size-full\"><img loading=\"lazy\" decoding=\"async\" width=\"1300\" height=\"861\" src=\"https:\/\/wgphoto.pl\/t\/wp-content\/uploads\/2025\/04\/IMGP4522.jpg\" alt=\"\" class=\"wp-image-15520\" srcset=\"https:\/\/wgphoto.pl\/t\/wp-content\/uploads\/2025\/04\/IMGP4522.jpg 1300w, https:\/\/wgphoto.pl\/t\/wp-content\/uploads\/2025\/04\/IMGP4522-300x199.jpg 300w, https:\/\/wgphoto.pl\/t\/wp-content\/uploads\/2025\/04\/IMGP4522-768x509.jpg 768w\" sizes=\"auto, (max-width: 1300px) 100vw, 1300px\" \/><\/figure>\n\n\n\n<div class=\"wp-block-group has-global-padding is-layout-constrained wp-block-group-is-layout-constrained\">\n<p>Wczesnym popo\u0142udniem w poniedzia\u0142ek wszyscy porz\u0105dni obywatele ci\u0119\u017cko pracuj\u0105. St\u00f3jka pod semaforem to te\u017c praca. ET22-905 w bli\u017cej nieokre\u015blonej przysz\u0142o\u015bci odjedzie w kierunku Czarnow\u0105s. 12.05.2014<\/p>\n<\/div>\n","protected":false},"excerpt":{"rendered":"<p>Wczesnym popo\u0142udniem w poniedzia\u0142ek wszyscy porz\u0105dni obywatele ci\u0119\u017cko pracuj\u0105. St\u00f3jka pod semaforem to te\u017c praca. ET22-905 w bli\u017cej nieokre\u015blonej przysz\u0142o\u015bci odjedzie w kierunku Czarnow\u0105s. 12.05.2014<\/p>\n","protected":false},"author":1,"featured_media":15520,"comment_status":"open","ping_status":"","sticky":false,"template":"","format":"standard","meta":{"footnotes":""},"categories":[2,48],"tags":[2934,3610,26,303,162,63,27,2179],"class_list":["post-15519","post","type-post","status-publish","format-standard","has-post-thumbnail","hentry","category-kolej","category-rok-2014","tag-2014-05-12","tag-elektrownia-opole","tag-et22","tag-industrial","tag-niebo","tag-pkp","tag-polska","tag-tab-pl215"],"_links":{"self":[{"href":"https:\/\/wgphoto.pl\/t\/index.php?rest_route=\/wp\/v2\/posts\/15519","targetHints":{"allow":["GET"]}}],"collection":[{"href":"https:\/\/wgphoto.pl\/t\/index.php?rest_route=\/wp\/v2\/posts"}],"about":[{"href":"https:\/\/wgphoto.pl\/t\/index.php?rest_route=\/wp\/v2\/types\/post"}],"author":[{"embeddable":true,"href":"https:\/\/wgphoto.pl\/t\/index.php?rest_route=\/wp\/v2\/users\/1"}],"replies":[{"embeddable":true,"href":"https:\/\/wgphoto.pl\/t\/index.php?rest_route=%2Fwp%2Fv2%2Fcomments&post=15519"}],"version-history":[{"count":1,"href":"https:\/\/wgphoto.pl\/t\/index.php?rest_route=\/wp\/v2\/posts\/15519\/revisions"}],"predecessor-version":[{"id":15521,"href":"https:\/\/wgphoto.pl\/t\/index.php?rest_route=\/wp\/v2\/posts\/15519\/revisions\/15521"}],"wp:featuredmedia":[{"embeddable":true,"href":"https:\/\/wgphoto.pl\/t\/index.php?rest_route=\/wp\/v2\/media\/15520"}],"wp:attachment":[{"href":"https:\/\/wgphoto.pl\/t\/index.php?rest_route=%2Fwp%2Fv2%2Fmedia&parent=15519"}],"wp:term":[{"taxonomy":"category","embeddable":true,"href":"https:\/\/wgphoto.pl\/t\/index.php?rest_route=%2Fwp%2Fv2%2Fcategories&post=15519"},{"taxonomy":"post_tag","embeddable":true,"href":"https:\/\/wgphoto.pl\/t\/index.php?rest_route=%2Fwp%2Fv2%2Ftags&post=15519"}],"curies":[{"name":"wp","href":"https:\/\/api.w.org\/{rel}","templated":true}]}}