{"id":15522,"date":"2025-04-06T20:22:43","date_gmt":"2025-04-06T18:22:43","guid":{"rendered":"https:\/\/wgphoto.pl\/t\/?p=15522"},"modified":"2025-04-06T20:22:43","modified_gmt":"2025-04-06T18:22:43","slug":"generalnie-dramat","status":"publish","type":"post","link":"https:\/\/wgphoto.pl\/t\/?p=15522","title":{"rendered":"Generalnie dramat"},"content":{"rendered":"\n<figure class=\"wp-block-image aligncenter size-full\"><img loading=\"lazy\" decoding=\"async\" width=\"1200\" height=\"800\" src=\"https:\/\/wgphoto.pl\/t\/wp-content\/uploads\/2025\/04\/0612-26.jpg\" alt=\"\" class=\"wp-image-15523\" srcset=\"https:\/\/wgphoto.pl\/t\/wp-content\/uploads\/2025\/04\/0612-26.jpg 1200w, https:\/\/wgphoto.pl\/t\/wp-content\/uploads\/2025\/04\/0612-26-300x200.jpg 300w, https:\/\/wgphoto.pl\/t\/wp-content\/uploads\/2025\/04\/0612-26-768x512.jpg 768w\" sizes=\"auto, (max-width: 1200px) 100vw, 1200px\" \/><\/figure>\n\n\n\n<div class=\"wp-block-group has-global-padding is-layout-constrained wp-block-group-is-layout-constrained\">\n<p>Obecnie pasa\u017cer\u00f3w przybywaj\u0105cych do Wroc\u0142awia wita mural z has\u0142em jak w tytule, wymalowany na \u015bcianie widocznego w kadrze Teatru Polskiego. Na zdj\u0119ciu rzeczona \u015bciana jest jeszcze bia\u0142a, poniewa\u017c mural by\u0142 wtedy niepotrzebny. Dramatem by\u0142 bowiem czas przejazdu tego poci\u0105gu &#8211; jedyne 3:31h. Poci\u0105g osobowy 214 z Jeleniej G\u00f3ry do Wroc\u0142awia G\u0142\u00f3wnego, prowadzony ET22-636, osi\u0105ga semafor wjazdowy stacji docelowej. 04.07.2006<\/p>\n<\/div>\n","protected":false},"excerpt":{"rendered":"<p>Obecnie pasa\u017cer\u00f3w przybywaj\u0105cych do Wroc\u0142awia wita mural z has\u0142em jak w tytule, wymalowany na \u015bcianie widocznego w kadrze Teatru Polskiego. Na zdj\u0119ciu rzeczona \u015bciana jest jeszcze bia\u0142a, poniewa\u017c mural by\u0142 wtedy niepotrzebny. Dramatem by\u0142 bowiem czas przejazdu tego poci\u0105gu &#8211; jedyne 3:31h. Poci\u0105g osobowy 214 z Jeleniej G\u00f3ry do Wroc\u0142awia G\u0142\u00f3wnego, prowadzony ET22-636, osi\u0105ga semafor [&hellip;]<\/p>\n","protected":false},"author":1,"featured_media":15523,"comment_status":"open","ping_status":"","sticky":false,"template":"","format":"standard","meta":{"footnotes":""},"categories":[62,2,130],"tags":[3611,288,26,63,27,200,41,180],"class_list":["post-15522","post","type-post","status-publish","format-standard","has-post-thumbnail","hentry","category-analog","category-kolej","category-rok-2006","tag-2006-07-04","tag-bipa","tag-et22","tag-pkp","tag-polska","tag-tab-pl240","tag-wroclaw","tag-wroclaw-glowny"],"_links":{"self":[{"href":"https:\/\/wgphoto.pl\/t\/index.php?rest_route=\/wp\/v2\/posts\/15522","targetHints":{"allow":["GET"]}}],"collection":[{"href":"https:\/\/wgphoto.pl\/t\/index.php?rest_route=\/wp\/v2\/posts"}],"about":[{"href":"https:\/\/wgphoto.pl\/t\/index.php?rest_route=\/wp\/v2\/types\/post"}],"author":[{"embeddable":true,"href":"https:\/\/wgphoto.pl\/t\/index.php?rest_route=\/wp\/v2\/users\/1"}],"replies":[{"embeddable":true,"href":"https:\/\/wgphoto.pl\/t\/index.php?rest_route=%2Fwp%2Fv2%2Fcomments&post=15522"}],"version-history":[{"count":1,"href":"https:\/\/wgphoto.pl\/t\/index.php?rest_route=\/wp\/v2\/posts\/15522\/revisions"}],"predecessor-version":[{"id":15524,"href":"https:\/\/wgphoto.pl\/t\/index.php?rest_route=\/wp\/v2\/posts\/15522\/revisions\/15524"}],"wp:featuredmedia":[{"embeddable":true,"href":"https:\/\/wgphoto.pl\/t\/index.php?rest_route=\/wp\/v2\/media\/15523"}],"wp:attachment":[{"href":"https:\/\/wgphoto.pl\/t\/index.php?rest_route=%2Fwp%2Fv2%2Fmedia&parent=15522"}],"wp:term":[{"taxonomy":"category","embeddable":true,"href":"https:\/\/wgphoto.pl\/t\/index.php?rest_route=%2Fwp%2Fv2%2Fcategories&post=15522"},{"taxonomy":"post_tag","embeddable":true,"href":"https:\/\/wgphoto.pl\/t\/index.php?rest_route=%2Fwp%2Fv2%2Ftags&post=15522"}],"curies":[{"name":"wp","href":"https:\/\/api.w.org\/{rel}","templated":true}]}}