{"id":15543,"date":"2025-04-06T20:28:39","date_gmt":"2025-04-06T18:28:39","guid":{"rendered":"https:\/\/wgphoto.pl\/t\/?p=15543"},"modified":"2025-04-06T20:28:39","modified_gmt":"2025-04-06T18:28:39","slug":"zima-w-zabkowicach","status":"publish","type":"post","link":"https:\/\/wgphoto.pl\/t\/?p=15543","title":{"rendered":"Zima w Z\u0105bkowicach"},"content":{"rendered":"\n<figure class=\"wp-block-image aligncenter size-full\"><img loading=\"lazy\" decoding=\"async\" width=\"1200\" height=\"803\" src=\"https:\/\/wgphoto.pl\/t\/wp-content\/uploads\/2025\/04\/IMGP0513.jpg\" alt=\"\" class=\"wp-image-15544\" srcset=\"https:\/\/wgphoto.pl\/t\/wp-content\/uploads\/2025\/04\/IMGP0513.jpg 1200w, https:\/\/wgphoto.pl\/t\/wp-content\/uploads\/2025\/04\/IMGP0513-300x201.jpg 300w, https:\/\/wgphoto.pl\/t\/wp-content\/uploads\/2025\/04\/IMGP0513-768x514.jpg 768w\" sizes=\"auto, (max-width: 1200px) 100vw, 1200px\" \/><\/figure>\n\n\n\n<div class=\"wp-block-group has-global-padding is-layout-constrained wp-block-group-is-layout-constrained\">\n<p>Z\u0105bkowice \u015al\u0105skie, 21.02.2009<\/p>\n<\/div>\n","protected":false},"excerpt":{"rendered":"<p>Z\u0105bkowice \u015al\u0105skie, 21.02.2009<\/p>\n","protected":false},"author":1,"featured_media":15544,"comment_status":"open","ping_status":"","sticky":false,"template":"","format":"standard","meta":{"footnotes":""},"categories":[2,169],"tags":[880,24,63,27,44,64,319,1442],"class_list":["post-15543","post","type-post","status-publish","format-standard","has-post-thumbnail","hentry","category-kolej","category-rok-2009","tag-2009-02-21","tag-perony","tag-pkp","tag-polska","tag-snieg","tag-st43","tag-tab-pl235","tag-zabkowice-slaskie"],"_links":{"self":[{"href":"https:\/\/wgphoto.pl\/t\/index.php?rest_route=\/wp\/v2\/posts\/15543","targetHints":{"allow":["GET"]}}],"collection":[{"href":"https:\/\/wgphoto.pl\/t\/index.php?rest_route=\/wp\/v2\/posts"}],"about":[{"href":"https:\/\/wgphoto.pl\/t\/index.php?rest_route=\/wp\/v2\/types\/post"}],"author":[{"embeddable":true,"href":"https:\/\/wgphoto.pl\/t\/index.php?rest_route=\/wp\/v2\/users\/1"}],"replies":[{"embeddable":true,"href":"https:\/\/wgphoto.pl\/t\/index.php?rest_route=%2Fwp%2Fv2%2Fcomments&post=15543"}],"version-history":[{"count":1,"href":"https:\/\/wgphoto.pl\/t\/index.php?rest_route=\/wp\/v2\/posts\/15543\/revisions"}],"predecessor-version":[{"id":15545,"href":"https:\/\/wgphoto.pl\/t\/index.php?rest_route=\/wp\/v2\/posts\/15543\/revisions\/15545"}],"wp:featuredmedia":[{"embeddable":true,"href":"https:\/\/wgphoto.pl\/t\/index.php?rest_route=\/wp\/v2\/media\/15544"}],"wp:attachment":[{"href":"https:\/\/wgphoto.pl\/t\/index.php?rest_route=%2Fwp%2Fv2%2Fmedia&parent=15543"}],"wp:term":[{"taxonomy":"category","embeddable":true,"href":"https:\/\/wgphoto.pl\/t\/index.php?rest_route=%2Fwp%2Fv2%2Fcategories&post=15543"},{"taxonomy":"post_tag","embeddable":true,"href":"https:\/\/wgphoto.pl\/t\/index.php?rest_route=%2Fwp%2Fv2%2Ftags&post=15543"}],"curies":[{"name":"wp","href":"https:\/\/api.w.org\/{rel}","templated":true}]}}