{"id":1558,"date":"2024-10-04T16:49:45","date_gmt":"2024-10-04T14:49:45","guid":{"rendered":"https:\/\/wgphoto.pl\/t\/?p=1558"},"modified":"2024-10-04T16:49:45","modified_gmt":"2024-10-04T14:49:45","slug":"het-strijkijzer","status":"publish","type":"post","link":"https:\/\/wgphoto.pl\/t\/?p=1558","title":{"rendered":"Het Strijkijzer"},"content":{"rendered":"\n<figure class=\"wp-block-image aligncenter size-full\"><img loading=\"lazy\" decoding=\"async\" width=\"700\" height=\"1046\" src=\"https:\/\/wgphoto.pl\/t\/wp-content\/uploads\/2024\/10\/IMGP0773.jpg\" alt=\"\" class=\"wp-image-1559\" srcset=\"https:\/\/wgphoto.pl\/t\/wp-content\/uploads\/2024\/10\/IMGP0773.jpg 700w, https:\/\/wgphoto.pl\/t\/wp-content\/uploads\/2024\/10\/IMGP0773-201x300.jpg 201w\" sizes=\"auto, (max-width: 700px) 100vw, 700px\" \/><\/figure>\n\n\n\n<div class=\"wp-block-group has-global-padding is-layout-constrained wp-block-group-is-layout-constrained\">\n<p>Haga, Zieken. W wodach kana\u0142u Zieke odbija si\u0119 tytu\u0142owy wie\u017cowiec, mierz\u0105cy skromne 132 metry. 01.05.2017<\/p>\n<\/div>\n","protected":false},"excerpt":{"rendered":"<p>Haga, Zieken. W wodach kana\u0142u Zieke odbija si\u0119 tytu\u0142owy wie\u017cowiec, mierz\u0105cy skromne 132 metry. 01.05.2017<\/p>\n","protected":false},"author":1,"featured_media":1559,"comment_status":"open","ping_status":"","sticky":false,"template":"","format":"standard","meta":{"footnotes":""},"categories":[128,368,3],"tags":[373,34,371,370,369,395,787,73,788],"class_list":["post-1558","post","type-post","status-publish","format-standard","has-post-thumbnail","hentry","category-pionowe","category-rok-2017","category-tramwaj","tag-2017-05-01","tag-architektura","tag-haga","tag-holandia","tag-htm-den-haag","tag-lustro","tag-majowka-2017-2","tag-rzeka","tag-siemens-avenio"],"_links":{"self":[{"href":"https:\/\/wgphoto.pl\/t\/index.php?rest_route=\/wp\/v2\/posts\/1558","targetHints":{"allow":["GET"]}}],"collection":[{"href":"https:\/\/wgphoto.pl\/t\/index.php?rest_route=\/wp\/v2\/posts"}],"about":[{"href":"https:\/\/wgphoto.pl\/t\/index.php?rest_route=\/wp\/v2\/types\/post"}],"author":[{"embeddable":true,"href":"https:\/\/wgphoto.pl\/t\/index.php?rest_route=\/wp\/v2\/users\/1"}],"replies":[{"embeddable":true,"href":"https:\/\/wgphoto.pl\/t\/index.php?rest_route=%2Fwp%2Fv2%2Fcomments&post=1558"}],"version-history":[{"count":1,"href":"https:\/\/wgphoto.pl\/t\/index.php?rest_route=\/wp\/v2\/posts\/1558\/revisions"}],"predecessor-version":[{"id":1560,"href":"https:\/\/wgphoto.pl\/t\/index.php?rest_route=\/wp\/v2\/posts\/1558\/revisions\/1560"}],"wp:featuredmedia":[{"embeddable":true,"href":"https:\/\/wgphoto.pl\/t\/index.php?rest_route=\/wp\/v2\/media\/1559"}],"wp:attachment":[{"href":"https:\/\/wgphoto.pl\/t\/index.php?rest_route=%2Fwp%2Fv2%2Fmedia&parent=1558"}],"wp:term":[{"taxonomy":"category","embeddable":true,"href":"https:\/\/wgphoto.pl\/t\/index.php?rest_route=%2Fwp%2Fv2%2Fcategories&post=1558"},{"taxonomy":"post_tag","embeddable":true,"href":"https:\/\/wgphoto.pl\/t\/index.php?rest_route=%2Fwp%2Fv2%2Ftags&post=1558"}],"curies":[{"name":"wp","href":"https:\/\/api.w.org\/{rel}","templated":true}]}}