{"id":15582,"date":"2025-04-06T21:21:20","date_gmt":"2025-04-06T19:21:20","guid":{"rendered":"https:\/\/wgphoto.pl\/t\/?p=15582"},"modified":"2025-04-06T21:21:20","modified_gmt":"2025-04-06T19:21:20","slug":"liberec-miejski","status":"publish","type":"post","link":"https:\/\/wgphoto.pl\/t\/?p=15582","title":{"rendered":"Liberec miejski"},"content":{"rendered":"\n<figure class=\"wp-block-image aligncenter size-full\"><img loading=\"lazy\" decoding=\"async\" width=\"1200\" height=\"803\" src=\"https:\/\/wgphoto.pl\/t\/wp-content\/uploads\/2025\/04\/IMGP1242.jpg\" alt=\"\" class=\"wp-image-15583\" srcset=\"https:\/\/wgphoto.pl\/t\/wp-content\/uploads\/2025\/04\/IMGP1242.jpg 1200w, https:\/\/wgphoto.pl\/t\/wp-content\/uploads\/2025\/04\/IMGP1242-300x201.jpg 300w, https:\/\/wgphoto.pl\/t\/wp-content\/uploads\/2025\/04\/IMGP1242-768x514.jpg 768w\" sizes=\"auto, (max-width: 1200px) 100vw, 1200px\" \/><\/figure>\n\n\n\n<div class=\"wp-block-group has-global-padding is-layout-constrained wp-block-group-is-layout-constrained\">\n<p>Mijanka na ul. 5. kv\u011btna. Obie linie miejskie &#8211; 2 i 3 &#8211; obs\u0142ugiwane s\u0105 tramwajami z czerwon\u0105 kropk\u0105, oznaczaj\u0105c\u0105 rozstaw 1435 mm. 2009-12-28<\/p>\n<\/div>\n","protected":false},"excerpt":{"rendered":"<p>Mijanka na ul. 5. kv\u011btna. Obie linie miejskie &#8211; 2 i 3 &#8211; obs\u0142ugiwane s\u0105 tramwajami z czerwon\u0105 kropk\u0105, oznaczaj\u0105c\u0105 rozstaw 1435 mm. 2009-12-28<\/p>\n","protected":false},"author":1,"featured_media":15583,"comment_status":"open","ping_status":"","sticky":false,"template":"","format":"standard","meta":{"footnotes":""},"categories":[169,3],"tags":[874,34,49,875,877,389,1333,1011],"class_list":["post-15582","post","type-post","status-publish","format-standard","has-post-thumbnail","hentry","category-rok-2009","category-tramwaj","tag-2009-12-28","tag-architektura","tag-czechy","tag-dpmlj-liberec","tag-liberec","tag-mijanka","tag-splot","tag-tatra-t3"],"_links":{"self":[{"href":"https:\/\/wgphoto.pl\/t\/index.php?rest_route=\/wp\/v2\/posts\/15582","targetHints":{"allow":["GET"]}}],"collection":[{"href":"https:\/\/wgphoto.pl\/t\/index.php?rest_route=\/wp\/v2\/posts"}],"about":[{"href":"https:\/\/wgphoto.pl\/t\/index.php?rest_route=\/wp\/v2\/types\/post"}],"author":[{"embeddable":true,"href":"https:\/\/wgphoto.pl\/t\/index.php?rest_route=\/wp\/v2\/users\/1"}],"replies":[{"embeddable":true,"href":"https:\/\/wgphoto.pl\/t\/index.php?rest_route=%2Fwp%2Fv2%2Fcomments&post=15582"}],"version-history":[{"count":1,"href":"https:\/\/wgphoto.pl\/t\/index.php?rest_route=\/wp\/v2\/posts\/15582\/revisions"}],"predecessor-version":[{"id":15584,"href":"https:\/\/wgphoto.pl\/t\/index.php?rest_route=\/wp\/v2\/posts\/15582\/revisions\/15584"}],"wp:featuredmedia":[{"embeddable":true,"href":"https:\/\/wgphoto.pl\/t\/index.php?rest_route=\/wp\/v2\/media\/15583"}],"wp:attachment":[{"href":"https:\/\/wgphoto.pl\/t\/index.php?rest_route=%2Fwp%2Fv2%2Fmedia&parent=15582"}],"wp:term":[{"taxonomy":"category","embeddable":true,"href":"https:\/\/wgphoto.pl\/t\/index.php?rest_route=%2Fwp%2Fv2%2Fcategories&post=15582"},{"taxonomy":"post_tag","embeddable":true,"href":"https:\/\/wgphoto.pl\/t\/index.php?rest_route=%2Fwp%2Fv2%2Ftags&post=15582"}],"curies":[{"name":"wp","href":"https:\/\/api.w.org\/{rel}","templated":true}]}}