{"id":15588,"date":"2025-04-06T21:23:15","date_gmt":"2025-04-06T19:23:15","guid":{"rendered":"https:\/\/wgphoto.pl\/t\/?p=15588"},"modified":"2025-04-06T21:23:15","modified_gmt":"2025-04-06T19:23:15","slug":"petla-na-mijance","status":"publish","type":"post","link":"https:\/\/wgphoto.pl\/t\/?p=15588","title":{"rendered":"P\u0119tla na mijance"},"content":{"rendered":"\n<figure class=\"wp-block-image aligncenter size-full\"><img loading=\"lazy\" decoding=\"async\" width=\"1200\" height=\"803\" src=\"https:\/\/wgphoto.pl\/t\/wp-content\/uploads\/2025\/04\/IMGP1270.jpg\" alt=\"\" class=\"wp-image-15589\" srcset=\"https:\/\/wgphoto.pl\/t\/wp-content\/uploads\/2025\/04\/IMGP1270.jpg 1200w, https:\/\/wgphoto.pl\/t\/wp-content\/uploads\/2025\/04\/IMGP1270-300x201.jpg 300w, https:\/\/wgphoto.pl\/t\/wp-content\/uploads\/2025\/04\/IMGP1270-768x514.jpg 768w\" sizes=\"auto, (max-width: 1200px) 100vw, 1200px\" \/><\/figure>\n\n\n\n<div class=\"wp-block-group has-global-padding is-layout-constrained wp-block-group-is-layout-constrained\">\n<p>Pi\u0105tka, stanowi\u0105ca skr\u00f3cony wariant jedenastki, ko\u0144czy tras\u0119 na p\u0119tli Vratislavice nad Nisou, mijanka (czes. v\u00fdhybna). Na zdj\u0119cie za\u0142apa\u0142 si\u0119 akurat wieczorny kurs, dodatkowo skr\u00f3cony do przystanku Stawik (czes. rybn\u00ed\u010dek), w pobli\u017cu kt\u00f3rego mie\u015bci si\u0119 zajezdnia. 2009-12-28<\/p>\n<\/div>\n","protected":false},"excerpt":{"rendered":"<p>Pi\u0105tka, stanowi\u0105ca skr\u00f3cony wariant jedenastki, ko\u0144czy tras\u0119 na p\u0119tli Vratislavice nad Nisou, mijanka (czes. v\u00fdhybna). Na zdj\u0119cie za\u0142apa\u0142 si\u0119 akurat wieczorny kurs, dodatkowo skr\u00f3cony do przystanku Stawik (czes. rybn\u00ed\u010dek), w pobli\u017cu kt\u00f3rego mie\u015bci si\u0119 zajezdnia. 2009-12-28<\/p>\n","protected":false},"author":1,"featured_media":15589,"comment_status":"open","ping_status":"","sticky":false,"template":"","format":"standard","meta":{"footnotes":""},"categories":[169,3],"tags":[874,49,875,877,154,219,44,1011],"class_list":["post-15588","post","type-post","status-publish","format-standard","has-post-thumbnail","hentry","category-rok-2009","category-tramwaj","tag-2009-12-28","tag-czechy","tag-dpmlj-liberec","tag-liberec","tag-noc","tag-przystanek","tag-snieg","tag-tatra-t3"],"_links":{"self":[{"href":"https:\/\/wgphoto.pl\/t\/index.php?rest_route=\/wp\/v2\/posts\/15588","targetHints":{"allow":["GET"]}}],"collection":[{"href":"https:\/\/wgphoto.pl\/t\/index.php?rest_route=\/wp\/v2\/posts"}],"about":[{"href":"https:\/\/wgphoto.pl\/t\/index.php?rest_route=\/wp\/v2\/types\/post"}],"author":[{"embeddable":true,"href":"https:\/\/wgphoto.pl\/t\/index.php?rest_route=\/wp\/v2\/users\/1"}],"replies":[{"embeddable":true,"href":"https:\/\/wgphoto.pl\/t\/index.php?rest_route=%2Fwp%2Fv2%2Fcomments&post=15588"}],"version-history":[{"count":1,"href":"https:\/\/wgphoto.pl\/t\/index.php?rest_route=\/wp\/v2\/posts\/15588\/revisions"}],"predecessor-version":[{"id":15590,"href":"https:\/\/wgphoto.pl\/t\/index.php?rest_route=\/wp\/v2\/posts\/15588\/revisions\/15590"}],"wp:featuredmedia":[{"embeddable":true,"href":"https:\/\/wgphoto.pl\/t\/index.php?rest_route=\/wp\/v2\/media\/15589"}],"wp:attachment":[{"href":"https:\/\/wgphoto.pl\/t\/index.php?rest_route=%2Fwp%2Fv2%2Fmedia&parent=15588"}],"wp:term":[{"taxonomy":"category","embeddable":true,"href":"https:\/\/wgphoto.pl\/t\/index.php?rest_route=%2Fwp%2Fv2%2Fcategories&post=15588"},{"taxonomy":"post_tag","embeddable":true,"href":"https:\/\/wgphoto.pl\/t\/index.php?rest_route=%2Fwp%2Fv2%2Ftags&post=15588"}],"curies":[{"name":"wp","href":"https:\/\/api.w.org\/{rel}","templated":true}]}}