{"id":15591,"date":"2025-04-06T21:24:06","date_gmt":"2025-04-06T19:24:06","guid":{"rendered":"https:\/\/wgphoto.pl\/t\/?p=15591"},"modified":"2025-04-06T21:24:06","modified_gmt":"2025-04-06T19:24:06","slug":"azulejos-e-electrico","status":"publish","type":"post","link":"https:\/\/wgphoto.pl\/t\/?p=15591","title":{"rendered":"Azulejos e el\u00e9ctrico"},"content":{"rendered":"\n<figure class=\"wp-block-image aligncenter size-full\"><img loading=\"lazy\" decoding=\"async\" width=\"602\" height=\"900\" src=\"https:\/\/wgphoto.pl\/t\/wp-content\/uploads\/2025\/04\/IMGP7020.jpg\" alt=\"\" class=\"wp-image-15592\" srcset=\"https:\/\/wgphoto.pl\/t\/wp-content\/uploads\/2025\/04\/IMGP7020.jpg 602w, https:\/\/wgphoto.pl\/t\/wp-content\/uploads\/2025\/04\/IMGP7020-201x300.jpg 201w\" sizes=\"auto, (max-width: 602px) 100vw, 602px\" \/><\/figure>\n\n\n\n<div class=\"wp-block-group has-global-padding is-layout-constrained wp-block-group-is-layout-constrained\">\n<p>Porto, Rua 31 de Janeiro. Tramwaj minie zaraz ko\u015bci\u00f3\u0142 \u015bw. Ildefonsa o fasadzie zdobionej charakterystycznymi dla Portugalii p\u0142ytkami ceramicznymi. 2010-09-04<\/p>\n<\/div>\n","protected":false},"excerpt":{"rendered":"<p>Porto, Rua 31 de Janeiro. Tramwaj minie zaraz ko\u015bci\u00f3\u0142 \u015bw. Ildefonsa o fasadzie zdobionej charakterystycznymi dla Portugalii p\u0142ytkami ceramicznymi. 2010-09-04<\/p>\n","protected":false},"author":1,"featured_media":15592,"comment_status":"open","ping_status":"","sticky":false,"template":"","format":"standard","meta":{"footnotes":""},"categories":[128,86,3],"tags":[1199,34,1197,503,297,1196],"class_list":["post-15591","post","type-post","status-publish","format-standard","has-post-thumbnail","hentry","category-pionowe","category-rok-2010","category-tramwaj","tag-2010-09-04","tag-architektura","tag-brill-28","tag-porto","tag-portugalia","tag-stcp-porto"],"_links":{"self":[{"href":"https:\/\/wgphoto.pl\/t\/index.php?rest_route=\/wp\/v2\/posts\/15591","targetHints":{"allow":["GET"]}}],"collection":[{"href":"https:\/\/wgphoto.pl\/t\/index.php?rest_route=\/wp\/v2\/posts"}],"about":[{"href":"https:\/\/wgphoto.pl\/t\/index.php?rest_route=\/wp\/v2\/types\/post"}],"author":[{"embeddable":true,"href":"https:\/\/wgphoto.pl\/t\/index.php?rest_route=\/wp\/v2\/users\/1"}],"replies":[{"embeddable":true,"href":"https:\/\/wgphoto.pl\/t\/index.php?rest_route=%2Fwp%2Fv2%2Fcomments&post=15591"}],"version-history":[{"count":1,"href":"https:\/\/wgphoto.pl\/t\/index.php?rest_route=\/wp\/v2\/posts\/15591\/revisions"}],"predecessor-version":[{"id":15593,"href":"https:\/\/wgphoto.pl\/t\/index.php?rest_route=\/wp\/v2\/posts\/15591\/revisions\/15593"}],"wp:featuredmedia":[{"embeddable":true,"href":"https:\/\/wgphoto.pl\/t\/index.php?rest_route=\/wp\/v2\/media\/15592"}],"wp:attachment":[{"href":"https:\/\/wgphoto.pl\/t\/index.php?rest_route=%2Fwp%2Fv2%2Fmedia&parent=15591"}],"wp:term":[{"taxonomy":"category","embeddable":true,"href":"https:\/\/wgphoto.pl\/t\/index.php?rest_route=%2Fwp%2Fv2%2Fcategories&post=15591"},{"taxonomy":"post_tag","embeddable":true,"href":"https:\/\/wgphoto.pl\/t\/index.php?rest_route=%2Fwp%2Fv2%2Ftags&post=15591"}],"curies":[{"name":"wp","href":"https:\/\/api.w.org\/{rel}","templated":true}]}}